{"id":9428,"date":"2015-10-04T21:15:47","date_gmt":"2015-10-05T00:15:47","guid":{"rendered":"http:\/\/www.paroquiasaocristovao.net\/?p=9428"},"modified":"2015-10-04T21:15:47","modified_gmt":"2015-10-05T00:15:47","slug":"avisos-paroquiais-semana-0410-a-1110","status":"publish","type":"post","link":"https:\/\/www.paroquiasaocristovao.net\/?p=9428","title":{"rendered":"Avisos Paroquiais Semana 04\/10 a 11\/10"},"content":{"rendered":"<p style=\"color: #000000;\"><a href=\"http:\/\/www.paroquiasaocristovao.net\/wp-content\/uploads\/2014\/02\/avisos-e1424040152299.jpg\"><img loading=\"lazy\" decoding=\"async\" class=\"alignleft wp-image-5646 size-full\" src=\"http:\/\/www.paroquiasaocristovao.net\/wp-content\/uploads\/2014\/02\/avisos-e1424040152299.jpg\" alt=\"avisos\" width=\"100\" height=\"80\" \/><\/a>Dia 05 de outubro, segunda-feira, reuni\u00e3o da Pastoral do D\u00edzimo.<\/p>\n<p style=\"color: #000000;\">Dia 08 de outubro, quinta-feira, reuni\u00e3o com os Ministros da nossa Par\u00f3quia.<\/p>\n<p style=\"color: #000000;\">Dia 10 de outubro (pr\u00f3ximo s\u00e1bado) teremos o \u201cOrat\u00f3rio Dia das Crian\u00e7as\u201d com in\u00edcio as 14h na Comunidade Dom Bosco. A doa\u00e7\u00e3o de balas e pirulitos pode ser feita na secretaria da Par\u00f3quia at\u00e9 sexta-feira.<\/p>\n<p style=\"color: #000000;\">Tamb\u00e9m no pr\u00f3ximo final de semana \u00e9 o dia de trazermos alimentos para as fam\u00edlias carentes da nossa comunidade.<\/p>\n<p style=\"color: #000000;\">O Servi\u00e7o de Anima\u00e7\u00e3o Vocacional est\u00e1 convidando toda a comunidade a participar no dia 12 de outubro, da 6\u00aa Caminhada Vocacional, ao Santu\u00e1rio Sch\u00f6enstatt. Vamos nos encontrar na frente da Igreja \u00e0s 13h30 e iniciaremos a caminhada \u00e0s 14 horas. Traga as suas fam\u00edlias, amigos e vizinhos e venha participar conosco!<\/p>\n<p style=\"color: #000000;\">Dia 30 de outubro teremos \u00e0 visita da Imagem de Nossa Senhora Aparecida.<\/p>\n","protected":false},"excerpt":{"rendered":"<p>Dia 05 de outubro, segunda-feira, reuni\u00e3o da Pastoral do D\u00edzimo. Dia 08 de outubro, quinta-feira, reuni\u00e3o com os Ministros da nossa Par\u00f3quia. Dia 10 de outubro (pr\u00f3ximo s\u00e1bado) teremos o \u201cOrat\u00f3rio Dia das Crian\u00e7as\u201d com in\u00edcio as 14h na Comunidade Dom Bosco. A doa\u00e7\u00e3o de balas e pirulitos pode ser feita na secretaria da Par\u00f3quia [&hellip;]<\/p>\n","protected":false},"author":2,"featured_media":0,"comment_status":"closed","ping_status":"closed","sticky":false,"template":"","format":"standard","meta":{"footnotes":""},"categories":[89,1,21,24,25,28],"tags":[],"class_list":["post-9428","post","type-post","status-publish","format-standard","hentry","category-avisos","category-geral","category-ministros","category-pastoral-da-crianca","category-pastoral-do-dizimo","category-sav"],"_links":{"self":[{"href":"https:\/\/www.paroquiasaocristovao.net\/index.php?rest_route=\/wp\/v2\/posts\/9428","targetHints":{"allow":["GET"]}}],"collection":[{"href":"https:\/\/www.paroquiasaocristovao.net\/index.php?rest_route=\/wp\/v2\/posts"}],"about":[{"href":"https:\/\/www.paroquiasaocristovao.net\/index.php?rest_route=\/wp\/v2\/types\/post"}],"author":[{"embeddable":true,"href":"https:\/\/www.paroquiasaocristovao.net\/index.php?rest_route=\/wp\/v2\/users\/2"}],"replies":[{"embeddable":true,"href":"https:\/\/www.paroquiasaocristovao.net\/index.php?rest_route=%2Fwp%2Fv2%2Fcomments&post=9428"}],"version-history":[{"count":1,"href":"https:\/\/www.paroquiasaocristovao.net\/index.php?rest_route=\/wp\/v2\/posts\/9428\/revisions"}],"predecessor-version":[{"id":9429,"href":"https:\/\/www.paroquiasaocristovao.net\/index.php?rest_route=\/wp\/v2\/posts\/9428\/revisions\/9429"}],"wp:attachment":[{"href":"https:\/\/www.paroquiasaocristovao.net\/index.php?rest_route=%2Fwp%2Fv2%2Fmedia&parent=9428"}],"wp:term":[{"taxonomy":"category","embeddable":true,"href":"https:\/\/www.paroquiasaocristovao.net\/index.php?rest_route=%2Fwp%2Fv2%2Fcategories&post=9428"},{"taxonomy":"post_tag","embeddable":true,"href":"https:\/\/www.paroquiasaocristovao.net\/index.php?rest_route=%2Fwp%2Fv2%2Ftags&post=9428"}],"curies":[{"name":"wp","href":"https:\/\/api.w.org\/{rel}","templated":true}]}}