{"id":9344,"date":"2015-09-21T23:53:48","date_gmt":"2015-09-22T02:53:48","guid":{"rendered":"http:\/\/www.paroquiasaocristovao.net\/?p=9344"},"modified":"2015-09-21T23:53:48","modified_gmt":"2015-09-22T02:53:48","slug":"aulas-de-tecnica-vocal-na-paroquia","status":"publish","type":"post","link":"https:\/\/www.paroquiasaocristovao.net\/?p=9344","title":{"rendered":"Aulas de t\u00e9cnica vocal na Par\u00f3quia"},"content":{"rendered":"<p>Come\u00e7aram as aulas de t\u00e9cnica vocal na Par\u00f3quia que ocorrer\u00e3o todo s\u00e1bado as 14 horas, com a Professora Sandra Bahr. Formada pela <span style=\"color: #333333;\">\u00a0Escola de M\u00fasica e Belas Artes do Paran\u00e1<\/span>\u00a0(EMBAP) e ex-integrante do coral do teatro Gua\u00edra. O valor da mensalidade \u00e9 de R$ 50,00 e \u00a0R$ 20,00 reais a apostila. Venha participar tamb\u00e9m!<\/p>\n<p><a href=\"http:\/\/www.paroquiasaocristovao.net\/wp-content\/uploads\/2015\/09\/canto-1.jpg\"><img loading=\"lazy\" decoding=\"async\" class=\"alignnone size-medium wp-image-9345\" src=\"http:\/\/www.paroquiasaocristovao.net\/wp-content\/uploads\/2015\/09\/canto-1-300x168.jpg\" alt=\"canto 1\" width=\"300\" height=\"168\" srcset=\"https:\/\/www.paroquiasaocristovao.net\/wp-content\/uploads\/2015\/09\/canto-1-300x168.jpg 300w, https:\/\/www.paroquiasaocristovao.net\/wp-content\/uploads\/2015\/09\/canto-1-1024x575.jpg 1024w, https:\/\/www.paroquiasaocristovao.net\/wp-content\/uploads\/2015\/09\/canto-1-600x337.jpg 600w, https:\/\/www.paroquiasaocristovao.net\/wp-content\/uploads\/2015\/09\/canto-1.jpg 1296w\" sizes=\"auto, (max-width: 300px) 100vw, 300px\" \/><\/a> <a href=\"http:\/\/www.paroquiasaocristovao.net\/wp-content\/uploads\/2015\/09\/voc-2.jpg\"><img loading=\"lazy\" decoding=\"async\" class=\"alignnone size-medium wp-image-9346\" src=\"http:\/\/www.paroquiasaocristovao.net\/wp-content\/uploads\/2015\/09\/voc-2-300x168.jpg\" alt=\"voc 2\" width=\"300\" height=\"168\" srcset=\"https:\/\/www.paroquiasaocristovao.net\/wp-content\/uploads\/2015\/09\/voc-2-300x168.jpg 300w, https:\/\/www.paroquiasaocristovao.net\/wp-content\/uploads\/2015\/09\/voc-2-1024x576.jpg 1024w, https:\/\/www.paroquiasaocristovao.net\/wp-content\/uploads\/2015\/09\/voc-2-600x337.jpg 600w, https:\/\/www.paroquiasaocristovao.net\/wp-content\/uploads\/2015\/09\/voc-2.jpg 1296w\" sizes=\"auto, (max-width: 300px) 100vw, 300px\" \/><\/a> <a href=\"http:\/\/www.paroquiasaocristovao.net\/wp-content\/uploads\/2015\/09\/voc-3.jpg\"><img loading=\"lazy\" decoding=\"async\" class=\"alignnone size-medium wp-image-9347\" src=\"http:\/\/www.paroquiasaocristovao.net\/wp-content\/uploads\/2015\/09\/voc-3-300x168.jpg\" alt=\"voc 3\" width=\"300\" height=\"168\" srcset=\"https:\/\/www.paroquiasaocristovao.net\/wp-content\/uploads\/2015\/09\/voc-3-300x168.jpg 300w, https:\/\/www.paroquiasaocristovao.net\/wp-content\/uploads\/2015\/09\/voc-3-1024x576.jpg 1024w, https:\/\/www.paroquiasaocristovao.net\/wp-content\/uploads\/2015\/09\/voc-3-600x337.jpg 600w, https:\/\/www.paroquiasaocristovao.net\/wp-content\/uploads\/2015\/09\/voc-3.jpg 1296w\" sizes=\"auto, (max-width: 300px) 100vw, 300px\" \/><\/a> <a href=\"http:\/\/www.paroquiasaocristovao.net\/wp-content\/uploads\/2015\/09\/voc-4.jpg\"><img loading=\"lazy\" decoding=\"async\" class=\"alignnone size-medium wp-image-9348\" src=\"http:\/\/www.paroquiasaocristovao.net\/wp-content\/uploads\/2015\/09\/voc-4-300x168.jpg\" alt=\"voc 4\" width=\"300\" height=\"168\" srcset=\"https:\/\/www.paroquiasaocristovao.net\/wp-content\/uploads\/2015\/09\/voc-4-300x168.jpg 300w, https:\/\/www.paroquiasaocristovao.net\/wp-content\/uploads\/2015\/09\/voc-4-1024x575.jpg 1024w, https:\/\/www.paroquiasaocristovao.net\/wp-content\/uploads\/2015\/09\/voc-4-600x337.jpg 600w, https:\/\/www.paroquiasaocristovao.net\/wp-content\/uploads\/2015\/09\/voc-4.jpg 1296w\" sizes=\"auto, (max-width: 300px) 100vw, 300px\" \/><\/a> <a href=\"http:\/\/www.paroquiasaocristovao.net\/wp-content\/uploads\/2015\/09\/voc-5.jpg\"><img loading=\"lazy\" decoding=\"async\" class=\"alignnone size-medium wp-image-9349\" src=\"http:\/\/www.paroquiasaocristovao.net\/wp-content\/uploads\/2015\/09\/voc-5-300x168.jpg\" alt=\"voc 5\" width=\"300\" height=\"168\" srcset=\"https:\/\/www.paroquiasaocristovao.net\/wp-content\/uploads\/2015\/09\/voc-5-300x168.jpg 300w, https:\/\/www.paroquiasaocristovao.net\/wp-content\/uploads\/2015\/09\/voc-5-1024x575.jpg 1024w, https:\/\/www.paroquiasaocristovao.net\/wp-content\/uploads\/2015\/09\/voc-5-600x337.jpg 600w, https:\/\/www.paroquiasaocristovao.net\/wp-content\/uploads\/2015\/09\/voc-5.jpg 1296w\" sizes=\"auto, (max-width: 300px) 100vw, 300px\" \/><\/a> <a href=\"http:\/\/www.paroquiasaocristovao.net\/wp-content\/uploads\/2015\/09\/voc-6.jpg\"><img loading=\"lazy\" decoding=\"async\" class=\"alignnone size-medium wp-image-9350\" src=\"http:\/\/www.paroquiasaocristovao.net\/wp-content\/uploads\/2015\/09\/voc-6-300x168.jpg\" alt=\"voc 6\" width=\"300\" height=\"168\" srcset=\"https:\/\/www.paroquiasaocristovao.net\/wp-content\/uploads\/2015\/09\/voc-6-300x168.jpg 300w, https:\/\/www.paroquiasaocristovao.net\/wp-content\/uploads\/2015\/09\/voc-6-1024x576.jpg 1024w, https:\/\/www.paroquiasaocristovao.net\/wp-content\/uploads\/2015\/09\/voc-6-600x337.jpg 600w, https:\/\/www.paroquiasaocristovao.net\/wp-content\/uploads\/2015\/09\/voc-6.jpg 1296w\" sizes=\"auto, (max-width: 300px) 100vw, 300px\" \/><\/a><\/p>\n","protected":false},"excerpt":{"rendered":"<p>Come\u00e7aram as aulas de t\u00e9cnica vocal na Par\u00f3quia que ocorrer\u00e3o todo s\u00e1bado as 14 horas, com a Professora Sandra Bahr. Formada pela \u00a0Escola de M\u00fasica e Belas Artes do Paran\u00e1\u00a0(EMBAP) e ex-integrante do coral do teatro Gua\u00edra. O valor da mensalidade \u00e9 de R$ 50,00 e \u00a0R$ 20,00 reais a apostila. Venha participar tamb\u00e9m!<\/p>\n","protected":false},"author":2,"featured_media":0,"comment_status":"closed","ping_status":"closed","sticky":false,"template":"","format":"standard","meta":{"footnotes":""},"categories":[89,54,29],"tags":[],"class_list":["post-9344","post","type-post","status-publish","format-standard","hentry","category-avisos","category-eventos","category-grupos-de-cantos"],"_links":{"self":[{"href":"https:\/\/www.paroquiasaocristovao.net\/index.php?rest_route=\/wp\/v2\/posts\/9344","targetHints":{"allow":["GET"]}}],"collection":[{"href":"https:\/\/www.paroquiasaocristovao.net\/index.php?rest_route=\/wp\/v2\/posts"}],"about":[{"href":"https:\/\/www.paroquiasaocristovao.net\/index.php?rest_route=\/wp\/v2\/types\/post"}],"author":[{"embeddable":true,"href":"https:\/\/www.paroquiasaocristovao.net\/index.php?rest_route=\/wp\/v2\/users\/2"}],"replies":[{"embeddable":true,"href":"https:\/\/www.paroquiasaocristovao.net\/index.php?rest_route=%2Fwp%2Fv2%2Fcomments&post=9344"}],"version-history":[{"count":1,"href":"https:\/\/www.paroquiasaocristovao.net\/index.php?rest_route=\/wp\/v2\/posts\/9344\/revisions"}],"predecessor-version":[{"id":9351,"href":"https:\/\/www.paroquiasaocristovao.net\/index.php?rest_route=\/wp\/v2\/posts\/9344\/revisions\/9351"}],"wp:attachment":[{"href":"https:\/\/www.paroquiasaocristovao.net\/index.php?rest_route=%2Fwp%2Fv2%2Fmedia&parent=9344"}],"wp:term":[{"taxonomy":"category","embeddable":true,"href":"https:\/\/www.paroquiasaocristovao.net\/index.php?rest_route=%2Fwp%2Fv2%2Fcategories&post=9344"},{"taxonomy":"post_tag","embeddable":true,"href":"https:\/\/www.paroquiasaocristovao.net\/index.php?rest_route=%2Fwp%2Fv2%2Ftags&post=9344"}],"curies":[{"name":"wp","href":"https:\/\/api.w.org\/{rel}","templated":true}]}}