{"id":9337,"date":"2015-09-21T10:17:32","date_gmt":"2015-09-21T13:17:32","guid":{"rendered":"http:\/\/www.paroquiasaocristovao.net\/?p=9337"},"modified":"2015-09-21T23:56:18","modified_gmt":"2015-09-22T02:56:18","slug":"mensagem-do-dizimo","status":"publish","type":"post","link":"https:\/\/www.paroquiasaocristovao.net\/?p=9337","title":{"rendered":"Mensagem Da Pastotal do D\u00edzimo"},"content":{"rendered":"<p style=\"text-align: justify;\">Para quem n\u00e3o me conhece, me chamo Jos\u00e9 Carlos, moro no bairro h\u00e1 28 anos e freq\u00fcento a par\u00f3quia S\u00e3o Crist\u00f3v\u00e3o desde 1994, portanto h\u00e1 21 anos. J\u00e1 fiz parte de muitas frentes de trabalho (pastorais), atualmente estou coordenador do Servi\u00e7o de Anima\u00e7\u00e3o Vocacional e sou Vice-Presidente do Conselho de Assuntos Econ\u00f4micos e Paroquial. Ah! J\u00e1 ia me esquecendo: sou dizimista desde Janeiro de 2000.<\/p>\n<p style=\"text-align: justify;\">Como voc\u00eas podem ver, houve uma lacuna entre o tempo que comecei a freq\u00fcentar a igreja at\u00e9 me tornar dizimista (6 anos). Demorei um pouco para me conscientizar, mas felizmente, tomei a decis\u00e3o correta, ou seja, al\u00e9m do trabalho volunt\u00e1rio contribuir financeiramente. E posso afirmar com toda convic\u00e7\u00e3o, foi uma decis\u00e3o acertada e valeu muito a pena. Detalhe: l\u00e1 em casa somos em treis: todos dizimistas, cada um contribui com sua parcela individualmente.<\/p>\n<p style=\"text-align: justify;\">Durante todo esse tempo venho acompanhando a evolu\u00e7\u00e3o em nossa comunidade paroquial, s\u00e3o v\u00e1rias Pastorais trabalhando juntas em prol do mesmo objetivo, ou seja, tornar nossa Igreja evangelizadora, acolhedora e em perfeitas condi\u00e7\u00f5es de receber os fi\u00e9is. S\u00e3o muitas benfeitorias realizadas sistematicamente para que tudo isso se torne uma realidade. Tudo foi constru\u00eddo com muito esfor\u00e7o e hoje o custo \u00e9 alto para manter o que foi conquistado.<\/p>\n<p style=\"text-align: justify;\">Fui convidado pelos coordenadores da Pastoral do D\u00edzimo para transmitir uma mensagem \u00e0 voc\u00eas, sobre a import\u00e2ncia do D\u00edzimo, n\u00e3o s\u00f3 para nossa comunidade paroquial, mas para todas as igrejas. Sei que este \u00e9 um assunto chato e delicado, quando falamos em mexer em nossos bolsos ficamos meio apreensivos e desconfiados &#8230;\u00a0 mas vamos l\u00e1&#8230;.<\/p>\n<p style=\"text-align: justify;\">Cada crist\u00e3o deve cuidadosamente orar e buscar a sabedoria vinda de Deus no tocante a sua participa\u00e7\u00e3o com o d\u00edzimo e\/ou a quanto deve dar (Tiago 1:5). \u201cCada um contribua segundo prop\u00f4s no seu cora\u00e7\u00e3o; n\u00e3o com tristeza, ou por necessidade; porque Deus ama ao que d\u00e1 com alegria\u201d (II Cor\u00edntios 9:7).<\/p>\n<p style=\"text-align: justify;\">Hoje, <strong>o d\u00edzimo \u00e9 uma doa\u00e7\u00e3o regular e proporcional aos rendimentos do fiel<\/strong>, que todo batizado deve assumir. \u00c9 uma forma concreta que o crist\u00e3o tem para manifestar a sua f\u00e9 em Deus e o seu amor ao pr\u00f3ximo, pois \u00e9 por meio dele que a Igreja se mant\u00e9m em atividade, sustenta seus trabalhos de evangeliza\u00e7\u00e3o e realiza muit\u00edssimas obras de caridade e assist\u00eancia aos menos favorecidos. Pelo d\u00edzimo, podemos viver as tr\u00eas virtudes mais importantes para todo crist\u00e3o: a f\u00e9, a esperan\u00e7a e o amor-caridade, que nos levam mais perto de Deus.\u00a0<strong>O d\u00edzimo \u00e9 um compromisso<\/strong>. Representa a nossa vontade de colaborar, de verdade, com o Projeto Divino neste mundo.<\/p>\n<p style=\"text-align: justify;\"><strong><em>PARA ONDE VAI O D\u00cdZIMO?<\/em><\/strong><\/p>\n<p style=\"text-align: justify;\">O d\u00edzimo, todo ele \u00e9 investido na igreja. Uma porcentagem (10%) \u00e9 entregue a c\u00faria diocesana, que est\u00e1 a servi\u00e7o da comunidade. O restante \u00e9 dividido entre a comunidade doadora e a sede paroquial. O d\u00edzimo tem destino certo. Ele \u00e9 direcionado, para seis dimens\u00f5es evangelizadoras:<\/p>\n<p style=\"text-align: justify;\"><span style=\"color: #0000ff;\"><strong><em>LIT\u00daRGICA<\/em><\/strong><\/span><strong><em> &#8211; <\/em><\/strong><strong>DESPESAS COM O CULTO<\/strong><em>: <\/em>Toalhas, Velas, Flores, Folhas de Canto, Luz, \u00c1gua, Vinho, H\u00f3stias&#8230;<\/p>\n<p style=\"text-align: justify;\"><span style=\"color: #0000ff;\"><strong><em>PASTORAL<\/em><\/strong><strong><em> &#8211; <\/em><\/strong><\/span><strong>DESPESAS COM AS PASTORAIS<\/strong><em>: <\/em>Catequese, Retiros, Forma\u00e7\u00f5es, Livros, Cartazes, Promo\u00e7\u00f5es e Eventos &#8230;<\/p>\n<p style=\"text-align: justify;\"><span style=\"color: #0000ff;\"><strong><em>COMUNIT\u00c1RIA<\/em><\/strong><strong><em> &#8211; <\/em><\/strong><\/span><strong>REMUNERA\u00c7\u00d5ES<\/strong><em>: <\/em>Dos Padres, Inspetoria, Moradia, Funcion\u00e1rios, Manuten\u00e7\u00f5es dos Pr\u00e9dios (Igreja e Sal\u00f5es), do Jardim, das Cal\u00e7adas, da Secretaria&#8230;<\/p>\n<p style=\"text-align: justify;\"><span style=\"color: #0000ff;\"><strong><em>SOCIAL<\/em><\/strong><strong><em> &#8211; <\/em><\/strong><\/span><strong>PROMO\u00c7\u00c3O HUMANA E SOCIAL<\/strong><em>: <\/em>Pobres, Idosos, Crian\u00e7as, entre outros &#8230;<\/p>\n<p style=\"text-align: justify;\"><span style=\"color: #0000ff;\"><strong><em>MISSION\u00c1RIA<\/em><\/strong><\/span><strong><em> &#8211; <\/em><\/strong><strong>COLABORA\u00c7\u00c3O<\/strong>: Com As Miss\u00f5es, deslocamentos e materiais&#8230; <span style=\"color: #ff0000;\">Tamb\u00e9m temos as doa\u00e7\u00f5es em alimentos.<\/span><\/p>\n<p style=\"text-align: justify;\"><span style=\"color: #0000ff;\"><strong><em>VOCACIONAL<\/em><\/strong><strong><em> &#8211; <\/em><\/strong><\/span><strong>FORMA\u00c7\u00c3O<\/strong><em>: <\/em>De Lideran\u00e7as, Padres, Ministros, Catequistas e demais colaboradores em seus seguimentos de pastorais&#8230;<\/p>\n<p style=\"text-align: justify;\">A quest\u00e3o do d\u00edzimo gera dificuldade e resist\u00eancia em muitos crist\u00e3os. Em muitas igrejas, o d\u00edzimo recebe excessiva \u00eanfase. Ao mesmo tempo, muitos crist\u00e3os n\u00e3o se submetem \u00e0 exorta\u00e7\u00e3o b\u00edblica em ofertar ao Senhor. O d\u00edzimo e as ofertas deveriam ser uma alegria, uma b\u00ean\u00e7\u00e3o. Mas raramente \u00e9 o que acontece nas igrejas hoje, infelizmente. 6<\/p>\n<p style=\"text-align: justify;\">A coordena\u00e7\u00e3o da Pastoral do D\u00edzimo fez um levantamento recente e evidenciou que somos mais ou menos 600 dizimistas cadastrados, por\u00e9m apenas 328 contribuem com o dizimo mensalmente (pouco mais de 50%). Vamos refletir um pouquinho: quantas fam\u00edlias cat\u00f3licas temos, que freq\u00fcentam a nossa par\u00f3quia e que residem no reduto da comunidade paroquial? Mais de 7.000 fam\u00edlias eu diria, talvez muito mais&#8230;\u00a0 A\u00ed eu pergunto: ser\u00e1 que estamos sendo fi\u00e9is ao nosso Deus?<\/p>\n<p style=\"text-align: justify;\">Fica claro e evidente que muitas pessoas cadastradas deixaram de contribuir, talvez por vergonha, n\u00e3o fa\u00e7am isso! Voltem a contribuir daqui para frente, esque\u00e7am o tempo de omiss\u00e3o, sua participa\u00e7\u00e3o \u00e9 muito importante.<\/p>\n<p style=\"text-align: justify;\">Ressalto a voc\u00ea que \u00e9 dizimista, seja fiel na sua doa\u00e7\u00e3o (n\u00e3o importa o valor). E voc\u00ea que ainda n\u00e3o \u00e9, venha fazer parte desta fam\u00edlia, contribuam para que possamos manter esta Comunidade sempre um exemplo para todos.<\/p>\n<p style=\"text-align: justify;\">Dois pensamentos para reflex\u00e3o:<\/p>\n<p><strong><em>FAM\u00cdLIA E IGREJA N\u00c3O CONCORREM, ELAS\u00a0 SOMAM.<\/em><\/strong><\/p>\n<p><strong><em>NENHUM\u00a0 DE\u00a0 N\u00d3S\u00a0 \u00c9\u00a0 T\u00c3O\u00a0 BOM QUANTO\u00a0 TODOS\u00a0 N\u00d3S\u00a0 JUNTOS. <\/em><\/strong><\/p>\n<p><strong>Obrigado!<\/strong><\/p>\n<p>[pe2-gallery class=&#8221;alignleft&#8221; ] [pe2-image src=&#8221;http:\/\/lh3.googleusercontent.com\/-eXYWXlOaP4o\/VgAEx-_oodI\/AAAAAAAAhwk\/4nVfy_L2oak\/s144-c-o\/DSC07085.JPG&#8221; href=&#8221;https:\/\/picasaweb.google.com\/102496923968554265712\/NovaPasta6#6196958344031805906&#8243; caption=&#8221;&#8221; type=&#8221;image&#8221; alt=&#8221;DSC07085.JPG&#8221; ][\/pe2-gallery]<\/p>\n","protected":false},"excerpt":{"rendered":"<p>Para quem n\u00e3o me conhece, me chamo Jos\u00e9 Carlos, moro no bairro h\u00e1 28 anos e freq\u00fcento a par\u00f3quia S\u00e3o Crist\u00f3v\u00e3o desde 1994, portanto h\u00e1 21 anos. J\u00e1 fiz parte de muitas frentes de trabalho (pastorais), atualmente estou coordenador do Servi\u00e7o de Anima\u00e7\u00e3o Vocacional e sou Vice-Presidente do Conselho de Assuntos Econ\u00f4micos e Paroquial. Ah! [&hellip;]<\/p>\n","protected":false},"author":18,"featured_media":0,"comment_status":"closed","ping_status":"closed","sticky":false,"template":"","format":"standard","meta":{"footnotes":""},"categories":[41,1,25],"tags":[],"class_list":["post-9337","post","type-post","status-publish","format-standard","hentry","category-artigos","category-geral","category-pastoral-do-dizimo"],"_links":{"self":[{"href":"https:\/\/www.paroquiasaocristovao.net\/index.php?rest_route=\/wp\/v2\/posts\/9337","targetHints":{"allow":["GET"]}}],"collection":[{"href":"https:\/\/www.paroquiasaocristovao.net\/index.php?rest_route=\/wp\/v2\/posts"}],"about":[{"href":"https:\/\/www.paroquiasaocristovao.net\/index.php?rest_route=\/wp\/v2\/types\/post"}],"author":[{"embeddable":true,"href":"https:\/\/www.paroquiasaocristovao.net\/index.php?rest_route=\/wp\/v2\/users\/18"}],"replies":[{"embeddable":true,"href":"https:\/\/www.paroquiasaocristovao.net\/index.php?rest_route=%2Fwp%2Fv2%2Fcomments&post=9337"}],"version-history":[{"count":5,"href":"https:\/\/www.paroquiasaocristovao.net\/index.php?rest_route=\/wp\/v2\/posts\/9337\/revisions"}],"predecessor-version":[{"id":9353,"href":"https:\/\/www.paroquiasaocristovao.net\/index.php?rest_route=\/wp\/v2\/posts\/9337\/revisions\/9353"}],"wp:attachment":[{"href":"https:\/\/www.paroquiasaocristovao.net\/index.php?rest_route=%2Fwp%2Fv2%2Fmedia&parent=9337"}],"wp:term":[{"taxonomy":"category","embeddable":true,"href":"https:\/\/www.paroquiasaocristovao.net\/index.php?rest_route=%2Fwp%2Fv2%2Fcategories&post=9337"},{"taxonomy":"post_tag","embeddable":true,"href":"https:\/\/www.paroquiasaocristovao.net\/index.php?rest_route=%2Fwp%2Fv2%2Ftags&post=9337"}],"curies":[{"name":"wp","href":"https:\/\/api.w.org\/{rel}","templated":true}]}}