{"id":9004,"date":"2015-07-04T23:46:50","date_gmt":"2015-07-05T02:46:50","guid":{"rendered":"http:\/\/www.paroquiasaocristovao.net\/?p=9004"},"modified":"2015-07-04T23:51:31","modified_gmt":"2015-07-05T02:51:31","slug":"festa-de-sao-cristovao-2015-o-dia-da-festa-2607","status":"publish","type":"post","link":"https:\/\/www.paroquiasaocristovao.net\/?p=9004","title":{"rendered":"Festa de S\u00e3o Crist\u00f3v\u00e3o 2015 \u2013 O dia da Festa &#8211; 26\/07"},"content":{"rendered":"<p><a href=\"http:\/\/www.paroquiasaocristovao.net\/wp-content\/uploads\/2014\/07\/saocris2013.jpg\"><img loading=\"lazy\" decoding=\"async\" class=\"aligncenter wp-image-6919 size-large\" src=\"http:\/\/www.paroquiasaocristovao.net\/wp-content\/uploads\/2014\/07\/saocris2013-851x1024.jpg\" alt=\"saocris2013\" width=\"640\" height=\"770\" srcset=\"https:\/\/www.paroquiasaocristovao.net\/wp-content\/uploads\/2014\/07\/saocris2013-851x1024.jpg 851w, https:\/\/www.paroquiasaocristovao.net\/wp-content\/uploads\/2014\/07\/saocris2013-249x300.jpg 249w, https:\/\/www.paroquiasaocristovao.net\/wp-content\/uploads\/2014\/07\/saocris2013-600x721.jpg 600w, https:\/\/www.paroquiasaocristovao.net\/wp-content\/uploads\/2014\/07\/saocris2013.jpg 1084w\" sizes=\"auto, (max-width: 640px) 100vw, 640px\" \/><\/a><\/p>\n<p>\u00c0s \u00a0 9:00 hs &#8211; Solene Santa Missa, presidida por Dom Pedro Fedalto.<\/p>\n<p>\u00c0s 10:30 hs &#8211; Prociss\u00e3o Motorizada, com a ben\u00e7\u00e3o dos ve\u00edculos e seus condutores.<\/p>\n<p>\u00c0s 12:00 hs &#8211; Suculento Churrasco, Risoto e Saladas variadas.<\/p>\n<p>\u00c0s 13:00 hs &#8211; In\u00edcio de v\u00e1rias atividades para adultos, jovens e crian\u00e7as.<\/p>\n<p>\u00c0s 14:00 hs &#8211; Show de Pr\u00eamios com \u00f3timos pr\u00eamios aos vencedores.<\/p>\n<div id=\"attachment_9007\" style=\"width: 84px\" class=\"wp-caption alignleft\"><a href=\"http:\/\/www.paroquiasaocristovao.net\/wp-content\/uploads\/2015\/07\/DomPedroFedalto.jpg\"><img loading=\"lazy\" decoding=\"async\" aria-describedby=\"caption-attachment-9007\" class=\"wp-image-9007\" title=\"Santa Missa presidida por Dom Pedro Fedalto\" src=\"http:\/\/www.paroquiasaocristovao.net\/wp-content\/uploads\/2015\/07\/DomPedroFedalto.jpg\" alt=\"DomPedroFedalto\" width=\"74\" height=\"90\" srcset=\"https:\/\/www.paroquiasaocristovao.net\/wp-content\/uploads\/2015\/07\/DomPedroFedalto.jpg 392w, https:\/\/www.paroquiasaocristovao.net\/wp-content\/uploads\/2015\/07\/DomPedroFedalto-248x300.jpg 248w\" sizes=\"auto, (max-width: 74px) 100vw, 74px\" \/><\/a><p id=\"caption-attachment-9007\" class=\"wp-caption-text\">Santa Missa solene<\/p><\/div>\n<div id=\"attachment_9008\" style=\"width: 130px\" class=\"wp-caption alignleft\"><a href=\"http:\/\/www.paroquiasaocristovao.net\/wp-content\/uploads\/2015\/07\/churrasco.jpg\"><img loading=\"lazy\" decoding=\"async\" aria-describedby=\"caption-attachment-9008\" class=\"wp-image-9008\" src=\"http:\/\/www.paroquiasaocristovao.net\/wp-content\/uploads\/2015\/07\/churrasco.jpg\" alt=\"churrasco\" width=\"120\" height=\"90\" srcset=\"https:\/\/www.paroquiasaocristovao.net\/wp-content\/uploads\/2015\/07\/churrasco.jpg 400w, https:\/\/www.paroquiasaocristovao.net\/wp-content\/uploads\/2015\/07\/churrasco-300x225.jpg 300w\" sizes=\"auto, (max-width: 120px) 100vw, 120px\" \/><\/a><p id=\"caption-attachment-9008\" class=\"wp-caption-text\">Churrasco e complementos<\/p><\/div>\n<div id=\"attachment_9005\" style=\"width: 170px\" class=\"wp-caption alignleft\"><a href=\"http:\/\/www.paroquiasaocristovao.net\/wp-content\/uploads\/2015\/07\/bencaocarros.jpg\"><img loading=\"lazy\" decoding=\"async\" aria-describedby=\"caption-attachment-9005\" class=\"wp-image-9005\" src=\"http:\/\/www.paroquiasaocristovao.net\/wp-content\/uploads\/2015\/07\/bencaocarros.jpg\" alt=\"bencaocarros\" width=\"160\" height=\"90\" srcset=\"https:\/\/www.paroquiasaocristovao.net\/wp-content\/uploads\/2015\/07\/bencaocarros.jpg 400w, https:\/\/www.paroquiasaocristovao.net\/wp-content\/uploads\/2015\/07\/bencaocarros-300x168.jpg 300w\" sizes=\"auto, (max-width: 160px) 100vw, 160px\" \/><\/a><p id=\"caption-attachment-9005\" class=\"wp-caption-text\">Ben\u00e7\u00e3o dos Ve\u00edculos e condutores<\/p><\/div>\n<div id=\"attachment_9006\" style=\"width: 170px\" class=\"wp-caption alignleft\"><a href=\"http:\/\/www.paroquiasaocristovao.net\/wp-content\/uploads\/2015\/07\/brincadeiras.jpg\"><img loading=\"lazy\" decoding=\"async\" aria-describedby=\"caption-attachment-9006\" class=\"wp-image-9006\" src=\"http:\/\/www.paroquiasaocristovao.net\/wp-content\/uploads\/2015\/07\/brincadeiras.jpg\" alt=\"brincadeiras\" width=\"160\" height=\"90\" srcset=\"https:\/\/www.paroquiasaocristovao.net\/wp-content\/uploads\/2015\/07\/brincadeiras.jpg 400w, https:\/\/www.paroquiasaocristovao.net\/wp-content\/uploads\/2015\/07\/brincadeiras-300x168.jpg 300w\" sizes=\"auto, (max-width: 160px) 100vw, 160px\" \/><\/a><p id=\"caption-attachment-9006\" class=\"wp-caption-text\">Bricadeiras e Show de pr\u00eamios<\/p><\/div>\n","protected":false},"excerpt":{"rendered":"<p>\u00c0s \u00a0 9:00 hs &#8211; Solene Santa Missa, presidida por Dom Pedro Fedalto. \u00c0s 10:30 hs &#8211; Prociss\u00e3o Motorizada, com a ben\u00e7\u00e3o dos ve\u00edculos e seus condutores. \u00c0s 12:00 hs &#8211; Suculento Churrasco, Risoto e Saladas variadas. \u00c0s 13:00 hs &#8211; In\u00edcio de v\u00e1rias atividades para adultos, jovens e crian\u00e7as. \u00c0s 14:00 hs &#8211; Show [&hellip;]<\/p>\n","protected":false},"author":18,"featured_media":8995,"comment_status":"closed","ping_status":"closed","sticky":false,"template":"","format":"standard","meta":{"footnotes":""},"categories":[54,97],"tags":[71,154,157,155,152,199,153,156],"class_list":["post-9004","post","type-post","status-publish","format-standard","has-post-thumbnail","hentry","category-eventos","category-festa-2015","tag-bairro-guaira","tag-bencao-de-veiculos","tag-bencao-motoristas","tag-churrasco-de-festa","tag-dom-pedro-fedalto","tag-festa-de-sao-cristovao","tag-festa-dos-motoristas","tag-procissao-de-veiculos"],"_links":{"self":[{"href":"https:\/\/www.paroquiasaocristovao.net\/index.php?rest_route=\/wp\/v2\/posts\/9004","targetHints":{"allow":["GET"]}}],"collection":[{"href":"https:\/\/www.paroquiasaocristovao.net\/index.php?rest_route=\/wp\/v2\/posts"}],"about":[{"href":"https:\/\/www.paroquiasaocristovao.net\/index.php?rest_route=\/wp\/v2\/types\/post"}],"author":[{"embeddable":true,"href":"https:\/\/www.paroquiasaocristovao.net\/index.php?rest_route=\/wp\/v2\/users\/18"}],"replies":[{"embeddable":true,"href":"https:\/\/www.paroquiasaocristovao.net\/index.php?rest_route=%2Fwp%2Fv2%2Fcomments&post=9004"}],"version-history":[{"count":4,"href":"https:\/\/www.paroquiasaocristovao.net\/index.php?rest_route=\/wp\/v2\/posts\/9004\/revisions"}],"predecessor-version":[{"id":9012,"href":"https:\/\/www.paroquiasaocristovao.net\/index.php?rest_route=\/wp\/v2\/posts\/9004\/revisions\/9012"}],"wp:featuredmedia":[{"embeddable":true,"href":"https:\/\/www.paroquiasaocristovao.net\/index.php?rest_route=\/wp\/v2\/media\/8995"}],"wp:attachment":[{"href":"https:\/\/www.paroquiasaocristovao.net\/index.php?rest_route=%2Fwp%2Fv2%2Fmedia&parent=9004"}],"wp:term":[{"taxonomy":"category","embeddable":true,"href":"https:\/\/www.paroquiasaocristovao.net\/index.php?rest_route=%2Fwp%2Fv2%2Fcategories&post=9004"},{"taxonomy":"post_tag","embeddable":true,"href":"https:\/\/www.paroquiasaocristovao.net\/index.php?rest_route=%2Fwp%2Fv2%2Ftags&post=9004"}],"curies":[{"name":"wp","href":"https:\/\/api.w.org\/{rel}","templated":true}]}}