{"id":8945,"date":"2015-06-23T11:10:02","date_gmt":"2015-06-23T14:10:02","guid":{"rendered":"http:\/\/www.paroquiasaocristovao.net\/?p=8945"},"modified":"2015-06-23T15:41:11","modified_gmt":"2015-06-23T18:41:11","slug":"em-edicao","status":"publish","type":"post","link":"https:\/\/www.paroquiasaocristovao.net\/?p=8945","title":{"rendered":"INVESTIMENTOS E MELHORIAS NAS INSTALA\u00c7\u00d5ES PAROQUIAIS."},"content":{"rendered":"<p style=\"text-align: justify;\">O CAEP \u2013 Conselho de Assuntos Econ\u00f4micos Paroquiais vem por meio deste partilhar com a comunidade os investimentos e melhorias que est\u00e3o sendo realizados nas instala\u00e7\u00f5es da par\u00f3quia e tamb\u00e9m nas demais instala\u00e7\u00f5es. S\u00e3o investimentos necess\u00e1rios para a conserva\u00e7\u00e3o do patrim\u00f4nio e um melhor atendimento as necessidades e tamb\u00e9m para adequa\u00e7\u00e3o dos ambientes utilizados pela comunidade paroquial. Na par\u00f3quia est\u00e3o sendo realizadas melhorias no presbit\u00e9rio, com trabalho em marmorato e ilumina\u00e7\u00e3o, procurando deixar o ambiente ainda mais alegre dando um destaque a Jesus Cristo. Ressalta-se que foram consultados profissionais e especialistas do ramo objetivando a busca da melhor alternativa, tanto financeira como visual, para a tomada de decis\u00e3o.<\/p>\n<p style=\"text-align: justify;\">Nos demais ambientes, como por exemplo, a cozinha do sal\u00e3o paroquial, a mesma passou por uma reforma total, com a coloca\u00e7\u00e3o de cer\u00e2mica nas paredes, reforma dos arm\u00e1rios existentes, troca de piso, substitui\u00e7\u00e3o dos fog\u00f5es (cujos novos foram doados \u00e0 par\u00f3quia pelo Movimento de Irm\u00e3os) bem como uma adequa\u00e7\u00e3o do ambiente externo, com a coloca\u00e7\u00e3o de bancadas em granito (doadas por um paroquiano), adequa\u00e7\u00e3o dos tanques e pias entre outras melhorias. O ambiente ficou muito mais aconchegante e tamb\u00e9m adequado para as atividades l\u00e1 desenvolvidas, conforme podem ser observados nas fotos postadas.<\/p>\n<p style=\"text-align: justify;\">Citamos ainda a coloca\u00e7\u00e3o de calhas no telhado do sal\u00e3o paroquial, bem como a amplia\u00e7\u00e3o da cobertura, em frente as churrasqueiras e acesso ao sal\u00e3o paroquial.<\/p>\n<p style=\"text-align: justify;\">Como a comunidade pode observar, muitas obras foram realizadas e outras est\u00e3o por ser iniciadas, inclusive com previs\u00e3o de conclus\u00e3o antes mesmo da festa do padroeiro.<\/p>\n<p style=\"text-align: justify;\">Gostar\u00edamos de destacar que tudo isso est\u00e1 sendo poss\u00edvel de se realizar gra\u00e7as a colabora\u00e7\u00e3o da comunidade, principalmente com suas contribui\u00e7\u00f5es e\/ou doa\u00e7\u00f5es, na participa\u00e7\u00e3o da festa do padroeiro ou e em campanhas realizadas.<\/p>\n<p style=\"text-align: justify;\">Nosso p\u00e1roco, Padre Adriano tem sido o grande motivador para a realiza\u00e7\u00e3o dessas obras, demonstrando a sua preocupa\u00e7\u00e3o para com o patrim\u00f4nio paroquial.<\/p>\n<p>Pelo CAEP.<br \/>\n[alpine-phototile-for-picasa-and-google-plus src=&#8221;user_album&#8221; uid=&#8221;102496923968554265712&#8243; ualb=&#8221;6163578468963695553&#8243; imgl=&#8221;fancybox&#8221; row=&#8221;4&#8243; size=&#8221;320&#8243; num=&#8221;100&#8243; highlight=&#8221;4&#8243; align=&#8221;center&#8221; max=&#8221;100&#8243;]<\/p>\n<p>&nbsp;<\/p>\n","protected":false},"excerpt":{"rendered":"<p>O CAEP \u2013 Conselho de Assuntos Econ\u00f4micos Paroquiais vem por meio deste partilhar com a comunidade os investimentos e melhorias que est\u00e3o sendo realizados nas instala\u00e7\u00f5es da par\u00f3quia e tamb\u00e9m nas demais instala\u00e7\u00f5es. S\u00e3o investimentos necess\u00e1rios para a conserva\u00e7\u00e3o do patrim\u00f4nio e um melhor atendimento as necessidades e tamb\u00e9m para adequa\u00e7\u00e3o dos ambientes utilizados pela [&hellip;]<\/p>\n","protected":false},"author":18,"featured_media":0,"comment_status":"closed","ping_status":"closed","sticky":false,"template":"","format":"standard","meta":{"footnotes":""},"categories":[92,40],"tags":[],"class_list":["post-8945","post","type-post","status-publish","format-standard","hentry","category-fotos","category-noticias"],"_links":{"self":[{"href":"https:\/\/www.paroquiasaocristovao.net\/index.php?rest_route=\/wp\/v2\/posts\/8945","targetHints":{"allow":["GET"]}}],"collection":[{"href":"https:\/\/www.paroquiasaocristovao.net\/index.php?rest_route=\/wp\/v2\/posts"}],"about":[{"href":"https:\/\/www.paroquiasaocristovao.net\/index.php?rest_route=\/wp\/v2\/types\/post"}],"author":[{"embeddable":true,"href":"https:\/\/www.paroquiasaocristovao.net\/index.php?rest_route=\/wp\/v2\/users\/18"}],"replies":[{"embeddable":true,"href":"https:\/\/www.paroquiasaocristovao.net\/index.php?rest_route=%2Fwp%2Fv2%2Fcomments&post=8945"}],"version-history":[{"count":6,"href":"https:\/\/www.paroquiasaocristovao.net\/index.php?rest_route=\/wp\/v2\/posts\/8945\/revisions"}],"predecessor-version":[{"id":8951,"href":"https:\/\/www.paroquiasaocristovao.net\/index.php?rest_route=\/wp\/v2\/posts\/8945\/revisions\/8951"}],"wp:attachment":[{"href":"https:\/\/www.paroquiasaocristovao.net\/index.php?rest_route=%2Fwp%2Fv2%2Fmedia&parent=8945"}],"wp:term":[{"taxonomy":"category","embeddable":true,"href":"https:\/\/www.paroquiasaocristovao.net\/index.php?rest_route=%2Fwp%2Fv2%2Fcategories&post=8945"},{"taxonomy":"post_tag","embeddable":true,"href":"https:\/\/www.paroquiasaocristovao.net\/index.php?rest_route=%2Fwp%2Fv2%2Ftags&post=8945"}],"curies":[{"name":"wp","href":"https:\/\/api.w.org\/{rel}","templated":true}]}}