{"id":8900,"date":"2015-06-13T11:53:53","date_gmt":"2015-06-13T14:53:53","guid":{"rendered":"http:\/\/www.paroquiasaocristovao.net\/?p=8900"},"modified":"2015-06-13T20:27:24","modified_gmt":"2015-06-13T23:27:24","slug":"celebracao-catequetica-com-dom-bosco-1306","status":"publish","type":"post","link":"https:\/\/www.paroquiasaocristovao.net\/?p=8900","title":{"rendered":"Celebra\u00e7\u00e3o Catequ\u00e9tica com Dom Bosco &#8211; 13\/06"},"content":{"rendered":"<p style=\"text-align: justify;\">A Celebra\u00e7\u00e3o Catequ\u00e9tica \u00e9 um projeto lan\u00e7ado pela Catequese e que teve in\u00edcio em 2013 na nossa par\u00f3quia. Trata-se de uma celebra\u00e7\u00e3o voltada aos catequizandos, com uma linguagem mais simples e f\u00e1cil, para que os pequenos possam entender facilmente os momentos da celebra\u00e7\u00e3o, tendo ainda como objetivo despertar nos mesmos o interesse pelas missas e a sua import\u00e2ncia em nossas vidas.<\/p>\n<p style=\"text-align: justify;\">Neste s\u00e1bado, dia 13\/06, foi realizada a Terceira Celebra\u00e7\u00e3o Catequ\u00e9tica que teve como tema Dom Bosco, que se fez presente entre n\u00f3s, atrav\u00e9s de sua imagem peregrina que percorrer\u00e1 as presen\u00e7as salesianas no Estado do Paran\u00e1. Muitos catequizandos (acompanhados de seus pais e demais familiares), jovens e membros da comunidade compareceram o que tornou a missa muito mais bonita e animada. No coment\u00e1rio inicial foi explanado um pouquinho da vida de Dom Bosco e os 200 anos de seu nascimento, que acontece no dia 16 de agosto de 2015, motivo de muitas comemora\u00e7\u00f5es e homenagens ao fundador da Congrega\u00e7\u00e3o Salesiana.<\/p>\n<p style=\"text-align: justify;\">Durante a celebra\u00e7\u00e3o os Coroinhas da comunidade encenaram o sonho dos 9 anos de Dom Bosco, que foi como tudo come\u00e7ou na vida do \u201cPai e Mestre da Juventude\u201d. Momentos especiais foram vivenciados durante a missa. Com muita alegria encerrou-se a celebra\u00e7\u00e3o e tamb\u00e9m com uma \u201cchuva\u201d de bal\u00f5es e balas preparados pelas catequistas. Parab\u00e9ns a todos, que de alguma forma se envolveram e se doaram para que o evento acontecesse como foi e, especialmente as catequistas que tiveram a feliz ideia de lan\u00e7ar o projeto e promover estes encontros.<\/p>\n<p>[alpine-phototile-for-picasa-and-google-plus src=&#8221;user_album&#8221; uid=&#8221;102496923968554265712&#8243; ualb=&#8221;6159861385060682449&#8243; imgl=&#8221;fancybox&#8221; style=&#8221;wall&#8221; row=&#8221;4&#8243; size=&#8221;320&#8243; num=&#8221;100&#8243; highlight=&#8221;1&#8243; align=&#8221;center&#8221; max=&#8221;100&#8243;]<\/p>\n","protected":false},"excerpt":{"rendered":"<p>A Celebra\u00e7\u00e3o Catequ\u00e9tica \u00e9 um projeto lan\u00e7ado pela Catequese e que teve in\u00edcio em 2013 na nossa par\u00f3quia. Trata-se de uma celebra\u00e7\u00e3o voltada aos catequizandos, com uma linguagem mais simples e f\u00e1cil, para que os pequenos possam entender facilmente os momentos da celebra\u00e7\u00e3o, tendo ainda como objetivo despertar nos mesmos o interesse pelas missas e [&hellip;]<\/p>\n","protected":false},"author":18,"featured_media":0,"comment_status":"closed","ping_status":"closed","sticky":false,"template":"","format":"gallery","meta":{"footnotes":""},"categories":[7,9,92,19,1,40,28],"tags":[],"class_list":["post-8900","post","type-post","status-publish","format-gallery","hentry","category-catequese","category-comunidade-salesiana","category-fotos","category-jornal-de-sao-cristovao","category-geral","category-noticias","category-sav","post_format-post-format-gallery"],"_links":{"self":[{"href":"https:\/\/www.paroquiasaocristovao.net\/index.php?rest_route=\/wp\/v2\/posts\/8900","targetHints":{"allow":["GET"]}}],"collection":[{"href":"https:\/\/www.paroquiasaocristovao.net\/index.php?rest_route=\/wp\/v2\/posts"}],"about":[{"href":"https:\/\/www.paroquiasaocristovao.net\/index.php?rest_route=\/wp\/v2\/types\/post"}],"author":[{"embeddable":true,"href":"https:\/\/www.paroquiasaocristovao.net\/index.php?rest_route=\/wp\/v2\/users\/18"}],"replies":[{"embeddable":true,"href":"https:\/\/www.paroquiasaocristovao.net\/index.php?rest_route=%2Fwp%2Fv2%2Fcomments&post=8900"}],"version-history":[{"count":10,"href":"https:\/\/www.paroquiasaocristovao.net\/index.php?rest_route=\/wp\/v2\/posts\/8900\/revisions"}],"predecessor-version":[{"id":8916,"href":"https:\/\/www.paroquiasaocristovao.net\/index.php?rest_route=\/wp\/v2\/posts\/8900\/revisions\/8916"}],"wp:attachment":[{"href":"https:\/\/www.paroquiasaocristovao.net\/index.php?rest_route=%2Fwp%2Fv2%2Fmedia&parent=8900"}],"wp:term":[{"taxonomy":"category","embeddable":true,"href":"https:\/\/www.paroquiasaocristovao.net\/index.php?rest_route=%2Fwp%2Fv2%2Fcategories&post=8900"},{"taxonomy":"post_tag","embeddable":true,"href":"https:\/\/www.paroquiasaocristovao.net\/index.php?rest_route=%2Fwp%2Fv2%2Ftags&post=8900"}],"curies":[{"name":"wp","href":"https:\/\/api.w.org\/{rel}","templated":true}]}}