{"id":8873,"date":"2015-06-08T01:34:40","date_gmt":"2015-06-08T04:34:40","guid":{"rendered":"http:\/\/www.paroquiasaocristovao.net\/?p=8873"},"modified":"2015-06-08T01:34:40","modified_gmt":"2015-06-08T04:34:40","slug":"avisos-paroquiais-semana-0806-a-1406","status":"publish","type":"post","link":"https:\/\/www.paroquiasaocristovao.net\/?p=8873","title":{"rendered":"Avisos Paroquiais Semana 08\/06 a 14\/06"},"content":{"rendered":"<p><a href=\"http:\/\/www.paroquiasaocristovao.net\/wp-content\/uploads\/2014\/02\/avisos-e1424040152299.jpg\"><img loading=\"lazy\" decoding=\"async\" class=\"alignleft wp-image-5646 size-full\" src=\"http:\/\/www.paroquiasaocristovao.net\/wp-content\/uploads\/2014\/02\/avisos-e1424040152299.jpg\" alt=\"avisos\" width=\"100\" height=\"80\" \/><\/a>\u00a0 Dia 10 de Junho, quarta-feira reuni\u00e3o com os catequistas da nossa comunidade \u00e0s 19:30 hs.<\/p>\n<p>Dia 11 de Junho, quinta-feira reuni\u00e3o com os Ministros da nossa Par\u00f3quia, ap\u00f3s a missa.<\/p>\n<p>Dia 13 de Junho, pr\u00f3ximo s\u00e1bado, teremos a 3\u00aa Celebra\u00e7\u00e3o Catequ\u00e9tica \u00e0s 09:30 hs. Convidamos todos os catequizandos, seus familiares e a comunidade para participar deste momento maravilhoso.<\/p>\n<p>Dia 15 de Junho, das 14:00 \u00e0s 17:00 hs, o Centro Social da Vila Gua\u00edra, estar\u00e1 oferecendo corte de cabelo gratuito. Agende seu hor\u00e1rio (o telefone est\u00e1 dispon\u00edvel no cartaz na entrada da Igreja).<\/p>\n<p>Toda sexta-feira \u00e0s 20:30 hs, ocorre aulas de dan\u00e7a de sal\u00e3o no sal\u00e3o paroquial, as vagas s\u00e3o limitadas, maiores informa\u00e7\u00f5es na secretaria da par\u00f3quia.<\/p>\n","protected":false},"excerpt":{"rendered":"<p>\u00a0 Dia 10 de Junho, quarta-feira reuni\u00e3o com os catequistas da nossa comunidade \u00e0s 19:30 hs. Dia 11 de Junho, quinta-feira reuni\u00e3o com os Ministros da nossa Par\u00f3quia, ap\u00f3s a missa. Dia 13 de Junho, pr\u00f3ximo s\u00e1bado, teremos a 3\u00aa Celebra\u00e7\u00e3o Catequ\u00e9tica \u00e0s 09:30 hs. Convidamos todos os catequizandos, seus familiares e a comunidade para [&hellip;]<\/p>\n","protected":false},"author":2,"featured_media":0,"comment_status":"closed","ping_status":"closed","sticky":false,"template":"","format":"standard","meta":{"footnotes":""},"categories":[89,7,21,40,28],"tags":[],"class_list":["post-8873","post","type-post","status-publish","format-standard","hentry","category-avisos","category-catequese","category-ministros","category-noticias","category-sav"],"_links":{"self":[{"href":"https:\/\/www.paroquiasaocristovao.net\/index.php?rest_route=\/wp\/v2\/posts\/8873","targetHints":{"allow":["GET"]}}],"collection":[{"href":"https:\/\/www.paroquiasaocristovao.net\/index.php?rest_route=\/wp\/v2\/posts"}],"about":[{"href":"https:\/\/www.paroquiasaocristovao.net\/index.php?rest_route=\/wp\/v2\/types\/post"}],"author":[{"embeddable":true,"href":"https:\/\/www.paroquiasaocristovao.net\/index.php?rest_route=\/wp\/v2\/users\/2"}],"replies":[{"embeddable":true,"href":"https:\/\/www.paroquiasaocristovao.net\/index.php?rest_route=%2Fwp%2Fv2%2Fcomments&post=8873"}],"version-history":[{"count":1,"href":"https:\/\/www.paroquiasaocristovao.net\/index.php?rest_route=\/wp\/v2\/posts\/8873\/revisions"}],"predecessor-version":[{"id":8874,"href":"https:\/\/www.paroquiasaocristovao.net\/index.php?rest_route=\/wp\/v2\/posts\/8873\/revisions\/8874"}],"wp:attachment":[{"href":"https:\/\/www.paroquiasaocristovao.net\/index.php?rest_route=%2Fwp%2Fv2%2Fmedia&parent=8873"}],"wp:term":[{"taxonomy":"category","embeddable":true,"href":"https:\/\/www.paroquiasaocristovao.net\/index.php?rest_route=%2Fwp%2Fv2%2Fcategories&post=8873"},{"taxonomy":"post_tag","embeddable":true,"href":"https:\/\/www.paroquiasaocristovao.net\/index.php?rest_route=%2Fwp%2Fv2%2Ftags&post=8873"}],"curies":[{"name":"wp","href":"https:\/\/api.w.org\/{rel}","templated":true}]}}