{"id":8669,"date":"2015-05-11T12:44:45","date_gmt":"2015-05-11T15:44:45","guid":{"rendered":"http:\/\/www.paroquiasaocristovao.net\/?p=8669"},"modified":"2015-11-09T23:36:01","modified_gmt":"2015-11-10T01:36:01","slug":"infancia-missionaria","status":"publish","type":"post","link":"https:\/\/www.paroquiasaocristovao.net\/?p=8669","title":{"rendered":"Inf\u00e2ncia Mission\u00e1ria &#8211; abril\/15."},"content":{"rendered":"<p><a style=\"color: #ff4b33;\" href=\"http:\/\/www.paroquiasaocristovao.net\/?page_id=99\"><img loading=\"lazy\" decoding=\"async\" class=\"aligncenter wp-image-9617 size-full\" src=\"http:\/\/www.paroquiasaocristovao.net\/wp-content\/uploads\/2013\/02\/infancia-loguinho.jpg\" alt=\"infancia loguinho\" width=\"200\" height=\"102\" \/><\/a>Aconteceu no dia 11 de abril, o reinicio da Inf\u00e2ncia Mission\u00e1ria com as assessoras da par\u00f3quia S\u00e3o Crist\u00f3v\u00e3o e da vizinha par\u00f3quia da Sagrada Fam\u00edlia, al\u00e9m de pais e crian\u00e7as de ambas as par\u00f3quias. Este encontro teve como finalidade a troca de experi\u00eancia j\u00e1 vivenciada pela vizinha par\u00f3quia onde a inf\u00e2ncia mission\u00e1ria j\u00e1 existe por l\u00e1 ao longo de 11 anos. No primeiro encontro do ano, foi abordado o trabalho e o que \u00e9 a inf\u00e2ncia mission\u00e1ria bem como as experi\u00eancias j\u00e1 vivenciadas na Arquidiocese de Curitiba.<\/p>\n<p>Na par\u00f3quia S\u00e3o Crist\u00f3v\u00e3o os encontros s\u00e3o coordenados pelas assessoras Nara Islei e Ros\u00e2ngela e acontecem aos s\u00e1bados no hor\u00e1rio das 9:30 \u00e0s 10:30 e poder\u00e3o participar crian\u00e7as com idade entre 6 e 12 anos.<\/p>\n<p>A finalidade da Inf\u00e2ncia Mission\u00e1ria \u00e9\u201a suscitar o esp\u00edrito mission\u00e1rio universal das crian\u00e7as e adolescentes, desenvolvendo seu protagonismo na solidariedade e na evangeliza\u00e7\u00e3o, junto ao povo de Deus: &#8220;Ajudar as crian\u00e7as por meio das crian\u00e7as&#8221;, ou &#8220;crian\u00e7a evangeliza e ajuda crian\u00e7a&#8221;, foi o grande lema do Bispo fundador. Esta obra \u00e9 um servi\u00e7o em favor da anima\u00e7\u00e3o, forma\u00e7\u00e3o e comunh\u00e3o mission\u00e1rias das crian\u00e7as e de seus animadores, para que cooperem na evangeliza\u00e7\u00e3o universal, especialmente das crian\u00e7as de todo o mundo, e na solidariedade, partilhando os bens materiais. Porque os protagonistas s\u00e3o as crian\u00e7as e adolescentes, que se dedicam em favor das crian\u00e7as do mundo inteiro, independentemente da cultura, ra\u00e7a ou religi\u00e3o. Inf\u00e2ncia Mission\u00e1ria n\u00e3o \u00e9 catequese e sim uma obra pontif\u00edcia. Pois, catequese \u00e9 a forma\u00e7\u00e3o para se preparar para os sacramentos.<\/p>\n<p>E a inf\u00e2ncia \u00e9 doa\u00e7\u00e3o de crian\u00e7as na obra da evangeliza\u00e7\u00e3o de outras crian\u00e7as com o compromisso de:<\/p>\n<p>01 \u2013 Tornar Jesus conhecido e amado.<br \/>\n02 \u2013 Colocar-se \u00e0 disposi\u00e7\u00e3o de todos com alegria.<br \/>\n03 \u2013 Repartir seus bens com os que n\u00e3o t\u00eam, mesmo \u00e0 custa de sacrif\u00edcio.<br \/>\n04 \u2013 Rezar todos os dias pelas crian\u00e7as e adolescentes do mundo inteiro.<br \/>\n05 \u2013 Louvar e agradecer a Deus pelos dons recebidos.<br \/>\n06 \u2013 Manter-se bem informado sobre os acontecimentos que envolvem as pessoas de todos os continentes.<br \/>\n07 \u2013 Reconhecer o que \u00e9 bom da vida e da cultura dos outros povos, respeitando-os e valorizando-os.<br \/>\n08 \u2013 Ser bem comportados e respons\u00e1veis em casa, na escola, na comunidade, evangelizando com o exemplo da pr\u00f3pria vida.<br \/>\n09 \u2013 Nunca desanimar diante das dificuldades.<br \/>\n10 \u2013 Tornar Nossa Senhora, a m\u00e3e de todos os povos, conhecida e amada.<\/p>\n<p>Em nossa miss\u00e3o contamos com intercess\u00e3o dos Santos Padroeiros. Tomando como exemplo a vida de Jesus e de seus disc\u00edpulos, a Inf\u00e2ncia Mission\u00e1ria tem em Maria, a m\u00e3e de Jesus, uma fiel testemunha da aut\u00eantica a\u00e7\u00e3o evangelizadora. Inspira-se tamb\u00e9m em S\u00e3o Francisco Xavier e Santa Teresinha do Menino Jesus.<\/p>\n<p>A coordena\u00e7\u00e3o.<\/p>\n<p>[pe2-gallery album=&#8221;http:\/\/picasaweb.google.com\/data\/feed\/base\/user\/102496923968554265712\/albumid\/6147639451327031921?alt=rss&amp;hl=en_US&amp;kind=photo&#8221; ]<\/p>\n","protected":false},"excerpt":{"rendered":"<p>Aconteceu no dia 11 de abril, o reinicio da Inf\u00e2ncia Mission\u00e1ria com as assessoras da par\u00f3quia S\u00e3o Crist\u00f3v\u00e3o e da vizinha par\u00f3quia da Sagrada Fam\u00edlia, al\u00e9m de pais e crian\u00e7as de ambas as par\u00f3quias. Este encontro teve como finalidade a troca de experi\u00eancia j\u00e1 vivenciada pela vizinha par\u00f3quia onde a inf\u00e2ncia mission\u00e1ria j\u00e1 existe por [&hellip;]<\/p>\n","protected":false},"author":18,"featured_media":0,"comment_status":"closed","ping_status":"closed","sticky":false,"template":"","format":"gallery","meta":{"footnotes":""},"categories":[105,40],"tags":[],"class_list":["post-8669","post","type-post","status-publish","format-gallery","hentry","category-infancia-missionaria","category-noticias","post_format-post-format-gallery"],"_links":{"self":[{"href":"https:\/\/www.paroquiasaocristovao.net\/index.php?rest_route=\/wp\/v2\/posts\/8669","targetHints":{"allow":["GET"]}}],"collection":[{"href":"https:\/\/www.paroquiasaocristovao.net\/index.php?rest_route=\/wp\/v2\/posts"}],"about":[{"href":"https:\/\/www.paroquiasaocristovao.net\/index.php?rest_route=\/wp\/v2\/types\/post"}],"author":[{"embeddable":true,"href":"https:\/\/www.paroquiasaocristovao.net\/index.php?rest_route=\/wp\/v2\/users\/18"}],"replies":[{"embeddable":true,"href":"https:\/\/www.paroquiasaocristovao.net\/index.php?rest_route=%2Fwp%2Fv2%2Fcomments&post=8669"}],"version-history":[{"count":6,"href":"https:\/\/www.paroquiasaocristovao.net\/index.php?rest_route=\/wp\/v2\/posts\/8669\/revisions"}],"predecessor-version":[{"id":9639,"href":"https:\/\/www.paroquiasaocristovao.net\/index.php?rest_route=\/wp\/v2\/posts\/8669\/revisions\/9639"}],"wp:attachment":[{"href":"https:\/\/www.paroquiasaocristovao.net\/index.php?rest_route=%2Fwp%2Fv2%2Fmedia&parent=8669"}],"wp:term":[{"taxonomy":"category","embeddable":true,"href":"https:\/\/www.paroquiasaocristovao.net\/index.php?rest_route=%2Fwp%2Fv2%2Fcategories&post=8669"},{"taxonomy":"post_tag","embeddable":true,"href":"https:\/\/www.paroquiasaocristovao.net\/index.php?rest_route=%2Fwp%2Fv2%2Ftags&post=8669"}],"curies":[{"name":"wp","href":"https:\/\/api.w.org\/{rel}","templated":true}]}}