{"id":8665,"date":"2015-05-08T18:34:40","date_gmt":"2015-05-08T21:34:40","guid":{"rendered":"http:\/\/www.paroquiasaocristovao.net\/?p=8665"},"modified":"2015-05-11T13:10:09","modified_gmt":"2015-05-11T16:10:09","slug":"8665","status":"publish","type":"post","link":"https:\/\/www.paroquiasaocristovao.net\/?p=8665","title":{"rendered":"1\u00ba Encontro de Forma\u00e7\u00e3o para AMJ 2015"},"content":{"rendered":"<div id=\"fb-root\"><\/div>\n<p><script>\/\/ <![CDATA[\n(function(d, s, id) {  var js, fjs = d.getElementsByTagName(s)[0];  if (d.getElementById(id)) return;  js = d.createElement(s); js.id = id;  js.src = \"\/\/connect.facebook.net\/pt_BR\/sdk.js#xfbml=1&#038;version=v2.3\";  fjs.parentNode.insertBefore(js, fjs);}(document, 'script', 'facebook-jssdk'));\n\/\/ ]]><\/script><\/p>\n<div class=\"fb-post\" data-href=\"https:\/\/www.facebook.com\/AjsParoquiaSaoCristovao\/posts\/688009657970010\" data-width=\"500\">\n<div class=\"fb-xfbml-parse-ignore\">\n<blockquote cite=\"https:\/\/www.facebook.com\/AjsParoquiaSaoCristovao\/posts\/688009657970010\"><p>No \u00faltimo s\u00e1bado 02\/05\/2015, adolescentes e jovens das Par\u00f3quias S\u00e3o Crist\u00f3v\u00e3o, Menino Jesus de Praga e do CES&#8230;<\/p>\n<p>Posted by <a href=\"https:\/\/www.facebook.com\/AjsParoquiaSaoCristovao\">AJS-Par\u00f3quia S\u00e3o Crist\u00f3v\u00e3o<\/a> on <a href=\"https:\/\/www.facebook.com\/AjsParoquiaSaoCristovao\/posts\/688009657970010\">Quinta, 7 de maio de 2015<\/a><\/p><\/blockquote>\n<\/div>\n<\/div>\n","protected":false},"excerpt":{"rendered":"<p>No \u00faltimo s\u00e1bado 02\/05\/2015, adolescentes e jovens das Par\u00f3quias S\u00e3o Crist\u00f3v\u00e3o, Menino Jesus de Praga e do CES&#8230; Posted by AJS-Par\u00f3quia S\u00e3o Crist\u00f3v\u00e3o on Quinta, 7 de maio de 2015<\/p>\n","protected":false},"author":18,"featured_media":0,"comment_status":"closed","ping_status":"closed","sticky":false,"template":"","format":"standard","meta":{"footnotes":""},"categories":[47,91,22],"tags":[],"class_list":["post-8665","post","type-post","status-publish","format-standard","hentry","category-ajs","category-do-facebook","category-missionarios"],"_links":{"self":[{"href":"https:\/\/www.paroquiasaocristovao.net\/index.php?rest_route=\/wp\/v2\/posts\/8665","targetHints":{"allow":["GET"]}}],"collection":[{"href":"https:\/\/www.paroquiasaocristovao.net\/index.php?rest_route=\/wp\/v2\/posts"}],"about":[{"href":"https:\/\/www.paroquiasaocristovao.net\/index.php?rest_route=\/wp\/v2\/types\/post"}],"author":[{"embeddable":true,"href":"https:\/\/www.paroquiasaocristovao.net\/index.php?rest_route=\/wp\/v2\/users\/18"}],"replies":[{"embeddable":true,"href":"https:\/\/www.paroquiasaocristovao.net\/index.php?rest_route=%2Fwp%2Fv2%2Fcomments&post=8665"}],"version-history":[{"count":4,"href":"https:\/\/www.paroquiasaocristovao.net\/index.php?rest_route=\/wp\/v2\/posts\/8665\/revisions"}],"predecessor-version":[{"id":8676,"href":"https:\/\/www.paroquiasaocristovao.net\/index.php?rest_route=\/wp\/v2\/posts\/8665\/revisions\/8676"}],"wp:attachment":[{"href":"https:\/\/www.paroquiasaocristovao.net\/index.php?rest_route=%2Fwp%2Fv2%2Fmedia&parent=8665"}],"wp:term":[{"taxonomy":"category","embeddable":true,"href":"https:\/\/www.paroquiasaocristovao.net\/index.php?rest_route=%2Fwp%2Fv2%2Fcategories&post=8665"},{"taxonomy":"post_tag","embeddable":true,"href":"https:\/\/www.paroquiasaocristovao.net\/index.php?rest_route=%2Fwp%2Fv2%2Ftags&post=8665"}],"curies":[{"name":"wp","href":"https:\/\/api.w.org\/{rel}","templated":true}]}}