{"id":8436,"date":"2015-04-02T17:00:17","date_gmt":"2015-04-02T20:00:17","guid":{"rendered":"http:\/\/www.paroquiasaocristovao.net\/?p=8436"},"modified":"2015-04-02T17:00:17","modified_gmt":"2015-04-02T20:00:17","slug":"almoco-beneficente-eu-vim-para-servir","status":"publish","type":"post","link":"https:\/\/www.paroquiasaocristovao.net\/?p=8436","title":{"rendered":"ALMO\u00c7O BENEFICENTE \u201cEU VIM PARA SERVIR&#8221;"},"content":{"rendered":"<p><img loading=\"lazy\" decoding=\"async\" class=\"alignleft wp-image-7907 size-full\" src=\"http:\/\/www.paroquiasaocristovao.net\/wp-content\/uploads\/2014\/10\/mipeq.jpg\" alt=\"mipeq\" width=\"100\" height=\"150\" \/>Foi realizado no dia 29 de mar\u00e7o o tradicional risoto promovido pelo Movimento de Irm\u00e3os. Foram atendidos <strong>trez<\/strong><strong>entos e dez<\/strong> colaboradores,\u00a0 de diversas regi\u00f5es de Curitiba que conosco vieram confraternizar e almo\u00e7ar em nosso sal\u00e3o.<\/p>\n<p>Tamb\u00e9m atendemos nossos colaboradores que levaram para consumo em casa <strong>trezentas e noventa<\/strong> marmitas e <strong>duzentas e quarenta e cinco<\/strong> por\u00e7\u00f5es.<\/p>\n<p>O fruto deste evento ser\u00e1 repartido com diversas institui\u00e7\u00f5es que trabalham com a promo\u00e7\u00e3o social dos mais necessitados.<\/p>\n<p>Neste dia o Movimento de Irm\u00e3os preparou e doou para o Instituto Salesiano de Assist\u00eancia Social o almo\u00e7o para o Encontro de Articuladores,\u00a0 Coordenadores e Novas Lideran\u00e7as da AJS \u2013 PR.<\/p>\n<p>Na oportunidade tamb\u00e9m foram inaugurados os novos fog\u00f5es recentemente adquiridos e a nova cozinha rec\u00e9m reformada pela par\u00f3quia.<\/p>\n<p>A Coordena\u00e7\u00e3o do Movimento de Irm\u00e3os agradece com muito amor a colabora\u00e7\u00e3o dos paroquianos que prestigiaram o evento, quer vindo almo\u00e7ar fazendo parte de uma comunidade em comunh\u00e3o, bem como aqueles que vieram doar seu servi\u00e7o.<\/p>\n<p><a href=\"http:\/\/www.paroquiasaocristovao.net\/wp-content\/uploads\/2015\/04\/amco.gif\"><img loading=\"lazy\" decoding=\"async\" class=\"aligncenter size-full wp-image-8437\" src=\"http:\/\/www.paroquiasaocristovao.net\/wp-content\/uploads\/2015\/04\/amco.gif\" alt=\"amco\" width=\"591\" height=\"210\" \/><\/a><\/p>\n","protected":false},"excerpt":{"rendered":"<p>Foi realizado no dia 29 de mar\u00e7o o tradicional risoto promovido pelo Movimento de Irm\u00e3os. Foram atendidos trezentos e dez colaboradores,\u00a0 de diversas regi\u00f5es de Curitiba que conosco vieram confraternizar e almo\u00e7ar em nosso sal\u00e3o. Tamb\u00e9m atendemos nossos colaboradores que levaram para consumo em casa trezentas e noventa marmitas e duzentas e quarenta e cinco [&hellip;]<\/p>\n","protected":false},"author":18,"featured_media":0,"comment_status":"closed","ping_status":"closed","sticky":false,"template":"","format":"standard","meta":{"footnotes":""},"categories":[23,40],"tags":[],"class_list":["post-8436","post","type-post","status-publish","format-standard","hentry","category-movimento-de-irmaos","category-noticias"],"_links":{"self":[{"href":"https:\/\/www.paroquiasaocristovao.net\/index.php?rest_route=\/wp\/v2\/posts\/8436","targetHints":{"allow":["GET"]}}],"collection":[{"href":"https:\/\/www.paroquiasaocristovao.net\/index.php?rest_route=\/wp\/v2\/posts"}],"about":[{"href":"https:\/\/www.paroquiasaocristovao.net\/index.php?rest_route=\/wp\/v2\/types\/post"}],"author":[{"embeddable":true,"href":"https:\/\/www.paroquiasaocristovao.net\/index.php?rest_route=\/wp\/v2\/users\/18"}],"replies":[{"embeddable":true,"href":"https:\/\/www.paroquiasaocristovao.net\/index.php?rest_route=%2Fwp%2Fv2%2Fcomments&post=8436"}],"version-history":[{"count":1,"href":"https:\/\/www.paroquiasaocristovao.net\/index.php?rest_route=\/wp\/v2\/posts\/8436\/revisions"}],"predecessor-version":[{"id":8438,"href":"https:\/\/www.paroquiasaocristovao.net\/index.php?rest_route=\/wp\/v2\/posts\/8436\/revisions\/8438"}],"wp:attachment":[{"href":"https:\/\/www.paroquiasaocristovao.net\/index.php?rest_route=%2Fwp%2Fv2%2Fmedia&parent=8436"}],"wp:term":[{"taxonomy":"category","embeddable":true,"href":"https:\/\/www.paroquiasaocristovao.net\/index.php?rest_route=%2Fwp%2Fv2%2Fcategories&post=8436"},{"taxonomy":"post_tag","embeddable":true,"href":"https:\/\/www.paroquiasaocristovao.net\/index.php?rest_route=%2Fwp%2Fv2%2Ftags&post=8436"}],"curies":[{"name":"wp","href":"https:\/\/api.w.org\/{rel}","templated":true}]}}