{"id":8374,"date":"2015-03-28T09:06:43","date_gmt":"2015-03-28T12:06:43","guid":{"rendered":"http:\/\/www.paroquiasaocristovao.net\/?p=8374"},"modified":"2015-03-30T16:24:05","modified_gmt":"2015-03-30T19:24:05","slug":"8374","status":"publish","type":"post","link":"https:\/\/www.paroquiasaocristovao.net\/?p=8374","title":{"rendered":"Encontro de comunicadores do Paran\u00e1 28\/03\/2015 &#8211; Inspetoria Pio X"},"content":{"rendered":"<p>[pe2-image src=&#8221;http:\/\/lh5.ggpht.com\/-em7nYZE16WY\/VRfpmvZT6cI\/AAAAAAAAXh0\/kWTYxMy4c18\/s144-c-o\/upload_-1.jpg&#8221; href=&#8221;https:\/\/picasaweb.google.com\/102496923968554265712\/ReuniaoPsscomPr2025?authkey=Gv1sRgCOS91v_bpcqWPQ#6131626269455149506&#8243; caption=&#8221;upload_-1&#8243; type=&#8221;image&#8221; alt=&#8221;upload_-1&#8243; ]<\/p>\n<p class=\"clear\">\u00a0Aconteceu na data de hoje 28\/03 , na Par\u00f3quia Nossa Senhora Auxiliadora, na cidade de Ponta Grossa\/Pr, o encontro regional de Comunica\u00e7\u00e3o, promovido pela Inspetoria S\u00e3o Pio X e conduzido pelo Pe. Tarcizio Odelli e que reuniu equipes de comunica\u00e7\u00e3o de obras sociais e par\u00f3quias das cidades paranaenses de Curitiba, Guarapuava e Ponta Grossa.<\/p>\n<p class=\"clear\">Os participantes discutiram o tema do 49\u00ba Dia Mundial das Comunica\u00e7\u00f5es Sociais 2015: &#8220;Comunicar a fam\u00edlia: ambiente privilegiado do encontro na gratuidade do amor.&#8221; O encontro abordou ainda a RESCOM (Rede Salesiana de Comunica\u00e7\u00e3o), o Sistema Salesiano de Comunica\u00e7\u00e3o Social, o planejamento de comunica\u00e7\u00e3o da RSB (Rede Salesiana Brasil) e demais assuntos na \u00e1rea da Comunica\u00e7\u00e3o Social.<\/p>\n<p class=\"clear\">[pe2-gallery album=&#8221;http:\/\/picasaweb.google.com\/data\/feed\/base\/user\/102496923968554265712\/albumid\/6131626251591791569?alt=rss&amp;hl=en_US&amp;kind=photo&#8221; ]<\/p>\n","protected":false},"excerpt":{"rendered":"<p>[pe2-image src=&#8221;http:\/\/lh5.ggpht.com\/-em7nYZE16WY\/VRfpmvZT6cI\/AAAAAAAAXh0\/kWTYxMy4c18\/s144-c-o\/upload_-1.jpg&#8221; href=&#8221;https:\/\/picasaweb.google.com\/102496923968554265712\/ReuniaoPsscomPr2025?authkey=Gv1sRgCOS91v_bpcqWPQ#6131626269455149506&#8243; caption=&#8221;upload_-1&#8243; type=&#8221;image&#8221; alt=&#8221;upload_-1&#8243; ] \u00a0Aconteceu na data de hoje 28\/03 , na Par\u00f3quia Nossa Senhora Auxiliadora, na cidade de Ponta Grossa\/Pr, o encontro regional de Comunica\u00e7\u00e3o, promovido pela Inspetoria S\u00e3o Pio X e conduzido pelo Pe. Tarcizio Odelli e que reuniu equipes de comunica\u00e7\u00e3o de obras sociais e par\u00f3quias das cidades paranaenses [&hellip;]<\/p>\n","protected":false},"author":18,"featured_media":0,"comment_status":"closed","ping_status":"closed","sticky":false,"template":"","format":"standard","meta":{"footnotes":""},"categories":[94,40,52],"tags":[],"class_list":["post-8374","post","type-post","status-publish","format-standard","hentry","category-arquidiocese","category-noticias","category-pascom"],"_links":{"self":[{"href":"https:\/\/www.paroquiasaocristovao.net\/index.php?rest_route=\/wp\/v2\/posts\/8374","targetHints":{"allow":["GET"]}}],"collection":[{"href":"https:\/\/www.paroquiasaocristovao.net\/index.php?rest_route=\/wp\/v2\/posts"}],"about":[{"href":"https:\/\/www.paroquiasaocristovao.net\/index.php?rest_route=\/wp\/v2\/types\/post"}],"author":[{"embeddable":true,"href":"https:\/\/www.paroquiasaocristovao.net\/index.php?rest_route=\/wp\/v2\/users\/18"}],"replies":[{"embeddable":true,"href":"https:\/\/www.paroquiasaocristovao.net\/index.php?rest_route=%2Fwp%2Fv2%2Fcomments&post=8374"}],"version-history":[{"count":7,"href":"https:\/\/www.paroquiasaocristovao.net\/index.php?rest_route=\/wp\/v2\/posts\/8374\/revisions"}],"predecessor-version":[{"id":8419,"href":"https:\/\/www.paroquiasaocristovao.net\/index.php?rest_route=\/wp\/v2\/posts\/8374\/revisions\/8419"}],"wp:attachment":[{"href":"https:\/\/www.paroquiasaocristovao.net\/index.php?rest_route=%2Fwp%2Fv2%2Fmedia&parent=8374"}],"wp:term":[{"taxonomy":"category","embeddable":true,"href":"https:\/\/www.paroquiasaocristovao.net\/index.php?rest_route=%2Fwp%2Fv2%2Fcategories&post=8374"},{"taxonomy":"post_tag","embeddable":true,"href":"https:\/\/www.paroquiasaocristovao.net\/index.php?rest_route=%2Fwp%2Fv2%2Ftags&post=8374"}],"curies":[{"name":"wp","href":"https:\/\/api.w.org\/{rel}","templated":true}]}}