{"id":8370,"date":"2015-03-22T12:03:54","date_gmt":"2015-03-22T15:03:54","guid":{"rendered":"http:\/\/www.paroquiasaocristovao.net\/?p=8370"},"modified":"2015-03-22T12:03:54","modified_gmt":"2015-03-22T15:03:54","slug":"para-o-novo-arcebispo-de-curitiba-a-igreja-catolica-nao-esta-perdendo-fieis-trata-se-de-uma-perda-daqueles-que-nao-foram-fieis","status":"publish","type":"post","link":"https:\/\/www.paroquiasaocristovao.net\/?p=8370","title":{"rendered":"Para o novo arcebispo de Curitiba, a Igreja Cat\u00f3lica n\u00e3o est\u00e1 perdendo fi\u00e9is. Trata-se de uma perda daqueles que n\u00e3o foram fi\u00e9is."},"content":{"rendered":"<div style=\"width: 970px\" class=\"wp-caption alignnone\"><a href=\"http:\/\/www.gazetadopovo.com.br\/vida-e-cidadania\/um-pe-na-tradicao-e-outro-na-renovacao-d5wxu0qoehnzv1jtgiqiik5k5?ref=capa-m\"><img loading=\"lazy\" decoding=\"async\" src=\"http:\/\/www.gazetadopovo.com.br\/ra\/grande\/Pub\/GP\/p4\/2015\/03\/22\/VidaCidadania\/Imagens\/Cortadas\/dom%20jose%20peruzzo%20002%20ALBARI%20ROSA-kNv-U10753129886rj-1024x683@GP-Web.jpg\" alt=\"\" width=\"960\" height=\"640\" \/><\/a><p class=\"wp-caption-text\">Direto da Gazeta do Povo &#8211; 22\/03\/2015.<\/p><\/div>\n<p>Mat\u00e9ria da Gazeta do Povo deste domingo &#8211; 22\/03\/2015 -Clique na foto e leia!<\/p>\n","protected":false},"excerpt":{"rendered":"<p>Mat\u00e9ria da Gazeta do Povo deste domingo &#8211; 22\/03\/2015 -Clique na foto e leia!<\/p>\n","protected":false},"author":18,"featured_media":0,"comment_status":"closed","ping_status":"closed","sticky":false,"template":"","format":"standard","meta":{"footnotes":""},"categories":[40],"tags":[],"class_list":["post-8370","post","type-post","status-publish","format-standard","hentry","category-noticias"],"_links":{"self":[{"href":"https:\/\/www.paroquiasaocristovao.net\/index.php?rest_route=\/wp\/v2\/posts\/8370","targetHints":{"allow":["GET"]}}],"collection":[{"href":"https:\/\/www.paroquiasaocristovao.net\/index.php?rest_route=\/wp\/v2\/posts"}],"about":[{"href":"https:\/\/www.paroquiasaocristovao.net\/index.php?rest_route=\/wp\/v2\/types\/post"}],"author":[{"embeddable":true,"href":"https:\/\/www.paroquiasaocristovao.net\/index.php?rest_route=\/wp\/v2\/users\/18"}],"replies":[{"embeddable":true,"href":"https:\/\/www.paroquiasaocristovao.net\/index.php?rest_route=%2Fwp%2Fv2%2Fcomments&post=8370"}],"version-history":[{"count":1,"href":"https:\/\/www.paroquiasaocristovao.net\/index.php?rest_route=\/wp\/v2\/posts\/8370\/revisions"}],"predecessor-version":[{"id":8371,"href":"https:\/\/www.paroquiasaocristovao.net\/index.php?rest_route=\/wp\/v2\/posts\/8370\/revisions\/8371"}],"wp:attachment":[{"href":"https:\/\/www.paroquiasaocristovao.net\/index.php?rest_route=%2Fwp%2Fv2%2Fmedia&parent=8370"}],"wp:term":[{"taxonomy":"category","embeddable":true,"href":"https:\/\/www.paroquiasaocristovao.net\/index.php?rest_route=%2Fwp%2Fv2%2Fcategories&post=8370"},{"taxonomy":"post_tag","embeddable":true,"href":"https:\/\/www.paroquiasaocristovao.net\/index.php?rest_route=%2Fwp%2Fv2%2Ftags&post=8370"}],"curies":[{"name":"wp","href":"https:\/\/api.w.org\/{rel}","templated":true}]}}