{"id":8368,"date":"2015-03-22T11:53:15","date_gmt":"2015-03-22T14:53:15","guid":{"rendered":"http:\/\/www.paroquiasaocristovao.net\/?p=8368"},"modified":"2015-03-24T12:36:39","modified_gmt":"2015-03-24T15:36:39","slug":"pascoa-solidaria-2015","status":"publish","type":"post","link":"https:\/\/www.paroquiasaocristovao.net\/?p=8368","title":{"rendered":"P\u00e1scoa Solid\u00e1ria 2015."},"content":{"rendered":"<p><span style=\"color: #333333;\">Neste s\u00e1bado (21\/03)\u00a0\u00a0foi dia de festa na Comunidade Dom Bosco! Os jovens da AJS, \u00a0com a ajuda de diversas pastorais, realizaram a P\u00e1scoa Solid\u00e1ria com as crian\u00e7as que participam do Orat\u00f3rio!<\/span><br style=\"color: #333333;\" \/><span style=\"color: #333333;\">A tarde come\u00e7ou bem e a chuva n\u00e3o foi empecilho para as crian\u00e7as se divertirem.\u00a0<\/span><\/p>\n<p>[pe2-gallery album=&#8221;http:\/\/picasaweb.google.com\/data\/feed\/base\/user\/102496923968554265712\/albumid\/6129071106834689761?alt=rss&amp;hl=en_US&amp;kind=photo&#8221; ]<\/p>\n<p>&nbsp;<\/p>\n","protected":false},"excerpt":{"rendered":"<p>Neste s\u00e1bado (21\/03)\u00a0\u00a0foi dia de festa na Comunidade Dom Bosco! Os jovens da AJS, \u00a0com a ajuda de diversas pastorais, realizaram a P\u00e1scoa Solid\u00e1ria com as crian\u00e7as que participam do Orat\u00f3rio!A tarde come\u00e7ou bem e a chuva n\u00e3o foi empecilho para as crian\u00e7as se divertirem.\u00a0 [pe2-gallery album=&#8221;http:\/\/picasaweb.google.com\/data\/feed\/base\/user\/102496923968554265712\/albumid\/6129071106834689761?alt=rss&amp;hl=en_US&amp;kind=photo&#8221; ] &nbsp;<\/p>\n","protected":false},"author":18,"featured_media":0,"comment_status":"closed","ping_status":"closed","sticky":false,"template":"","format":"standard","meta":{"footnotes":""},"categories":[47,7,35,92,15,17,40,24],"tags":[],"class_list":["post-8368","post","type-post","status-publish","format-standard","hentry","category-ajs","category-catequese","category-comunidade-dom-bosco","category-fotos","category-grupo-de-jovens-ajs","category-grupo-de-jovens-alegria","category-noticias","category-pastoral-da-crianca"],"_links":{"self":[{"href":"https:\/\/www.paroquiasaocristovao.net\/index.php?rest_route=\/wp\/v2\/posts\/8368","targetHints":{"allow":["GET"]}}],"collection":[{"href":"https:\/\/www.paroquiasaocristovao.net\/index.php?rest_route=\/wp\/v2\/posts"}],"about":[{"href":"https:\/\/www.paroquiasaocristovao.net\/index.php?rest_route=\/wp\/v2\/types\/post"}],"author":[{"embeddable":true,"href":"https:\/\/www.paroquiasaocristovao.net\/index.php?rest_route=\/wp\/v2\/users\/18"}],"replies":[{"embeddable":true,"href":"https:\/\/www.paroquiasaocristovao.net\/index.php?rest_route=%2Fwp%2Fv2%2Fcomments&post=8368"}],"version-history":[{"count":1,"href":"https:\/\/www.paroquiasaocristovao.net\/index.php?rest_route=\/wp\/v2\/posts\/8368\/revisions"}],"predecessor-version":[{"id":8369,"href":"https:\/\/www.paroquiasaocristovao.net\/index.php?rest_route=\/wp\/v2\/posts\/8368\/revisions\/8369"}],"wp:attachment":[{"href":"https:\/\/www.paroquiasaocristovao.net\/index.php?rest_route=%2Fwp%2Fv2%2Fmedia&parent=8368"}],"wp:term":[{"taxonomy":"category","embeddable":true,"href":"https:\/\/www.paroquiasaocristovao.net\/index.php?rest_route=%2Fwp%2Fv2%2Fcategories&post=8368"},{"taxonomy":"post_tag","embeddable":true,"href":"https:\/\/www.paroquiasaocristovao.net\/index.php?rest_route=%2Fwp%2Fv2%2Ftags&post=8368"}],"curies":[{"name":"wp","href":"https:\/\/api.w.org\/{rel}","templated":true}]}}