{"id":8183,"date":"2015-01-09T19:59:14","date_gmt":"2015-01-09T21:59:14","guid":{"rendered":"http:\/\/www.paroquiasaocristovao.net\/?p=8183"},"modified":"2015-01-09T19:59:14","modified_gmt":"2015-01-09T21:59:14","slug":"agenda-paroquial-janeiro2015","status":"publish","type":"post","link":"https:\/\/www.paroquiasaocristovao.net\/?p=8183","title":{"rendered":"Agenda Paroquial Janeiro\/2015"},"content":{"rendered":"<table>\n<tbody>\n<tr>\n<td width=\"443\"><strong>01 \u2013\u2013 CONFRATERNIZA\u00c7\u00c3O UNIVERSAL \u2013 DIA DA FRATERNIDADE \u2013 MISSA \u00c0S 9h e 19 h.<\/strong><\/p>\n<ul>\n<li><strong>SOLENIDADE DE MARIA M\u00c3E DE DEUS<\/strong><\/li>\n<\/ul>\n<\/td>\n<\/tr>\n<tr>\n<td width=\"443\">02- Primeira sexta-feira do m\u00eas, devo\u00e7\u00e3o ao Sagrado Cora\u00e7\u00e3o de Jesus<\/td>\n<\/tr>\n<tr>\n<td width=\"443\">03 &#8211; Missa &#8211;\u00a0 respons\u00e1vel\u00a0 Grupo de Ora\u00e7\u00e3o<\/td>\n<\/tr>\n<tr>\n<td width=\"443\">04 a 18 \u2013 Projetos Mission\u00e1rios<\/td>\n<\/tr>\n<tr>\n<td width=\"443\"><strong>04 &#8211; EPIFANIA DO SENHOR<\/strong><\/p>\n<ul>\n<li>Missa \u2013 respons\u00e1vel \u2013 Catequese \u2013 9h<\/li>\n<li>Hora Santa, \u00e1s 17h30.<\/li>\n<\/ul>\n<ul>\n<li>Missa &#8211;\u00a0 respons\u00e1vel\u00a0 SAV \u2013 19 h<\/li>\n<\/ul>\n<\/td>\n<\/tr>\n<tr>\n<td width=\"443\">08 \u2013 Ter\u00e7o em fam\u00edlia \u2013 CM.<\/td>\n<\/tr>\n<tr>\n<td width=\"443\">10- Missa \u2013 respons\u00e1vel\u00a0 Movimento de Irm\u00e3os<\/td>\n<\/tr>\n<tr>\n<td width=\"443\"><strong>11-<\/strong> <strong>BATISMO DO SENHOR<\/strong><\/p>\n<ul>\n<li>Missa \u2013 respons\u00e1vel \u2013 Catequese \u2013 9h<\/li>\n<\/ul>\n<ul>\n<li>Missa \u2013 respons\u00e1vel \u2013 Toca de Assis \u2013 19 h.<\/li>\n<\/ul>\n<\/td>\n<\/tr>\n<tr>\n<td width=\"443\">&nbsp;<\/td>\n<\/tr>\n<tr>\n<td width=\"443\">15\u00a0\u00a0\u00a0 Bv. Lu\u00eds Variara<\/p>\n<ul>\n<li>ter\u00e7o em fam\u00edlia \u2013 CM<\/li>\n<\/ul>\n<\/td>\n<\/tr>\n<tr>\n<td width=\"443\">17- Missa &#8211; respons\u00e1vel\u00a0 Salesianos Cooperadores<\/td>\n<\/tr>\n<tr>\n<td width=\"443\"><strong>18- 2\u00ba DOMINGO DO TEMPO COMUM<\/strong><\/p>\n<ul>\n<li>Missa\u00a0 &#8211; respons\u00e1vel Catequese \u2013 9h<\/li>\n<li>Missa \u2013 respons\u00e1vel \u2013 Pastoral da Crian\u00e7a \u2013 19hs<\/li>\n<\/ul>\n<\/td>\n<\/tr>\n<tr>\n<td width=\"443\">22- Laura Vicu\u00f1a<\/p>\n<ul>\n<li>Ter\u00e7o Centro Social \u2013 Filhas do Cora\u00e7\u00e3o de Maria. \u00a0\u2013 CM<\/li>\n<\/ul>\n<\/td>\n<\/tr>\n<tr>\n<td width=\"443\">24- S\u00e3o\u00a0\u00a0 Francisco de Sales.<\/p>\n<ul>\n<li>PROFISS\u00c3O PERP\u00c9TUA \u2013 CURITIBA \u2013 S\u00c3O CRIST\u00d3V\u00c3O<\/li>\n<li>Comemora\u00e7\u00e3o mensal de Nossa Senhora Auxiliadora, missa e novena, 19h.<\/li>\n<\/ul>\n<\/td>\n<\/tr>\n<tr>\n<td width=\"443\"><strong>25 &#8211;<\/strong> <strong>3\u00ba DOMINGO DO TEMPO COMUM<\/strong><\/p>\n<ul>\n<li>Missa \u2013 respons\u00e1vel \u2013 AJS \u2013 9h<\/li>\n<li>Missa respons\u00e1vel \u2013 Movimento das Capelinhas \u2013 19h.<\/li>\n<li>Convers\u00e3o de S\u00e3o Paulo<\/li>\n<\/ul>\n<\/td>\n<\/tr>\n<tr>\n<td width=\"443\">27 \u2013<\/td>\n<\/tr>\n<tr>\n<td width=\"443\">28 &#8211; Bv. Tomas de Aquino.<\/td>\n<\/tr>\n<tr>\n<td width=\"443\">30- Bv. Bronislau Markiewicz<\/td>\n<\/tr>\n<tr>\n<td width=\"443\">31- \u00a0S\u00e3o Jo\u00e3o Bosco<\/p>\n<ul>\n<li>50 anos de Profiss\u00e3o Religiosa (1965): P. As\u00eddio Deretti<\/li>\n<li>Primeira Profiss\u00e3o Religiosa: Curitiba \u2013 Noviciado<\/li>\n<\/ul>\n<\/td>\n<\/tr>\n<\/tbody>\n<\/table>\n","protected":false},"excerpt":{"rendered":"<p>01 \u2013\u2013 CONFRATERNIZA\u00c7\u00c3O UNIVERSAL \u2013 DIA DA FRATERNIDADE \u2013 MISSA \u00c0S 9h e 19 h. SOLENIDADE DE MARIA M\u00c3E DE DEUS 02- Primeira sexta-feira do m\u00eas, devo\u00e7\u00e3o ao Sagrado Cora\u00e7\u00e3o de Jesus 03 &#8211; Missa &#8211;\u00a0 respons\u00e1vel\u00a0 Grupo de Ora\u00e7\u00e3o 04 a 18 \u2013 Projetos Mission\u00e1rios 04 &#8211; EPIFANIA DO SENHOR Missa \u2013 respons\u00e1vel \u2013 [&hellip;]<\/p>\n","protected":false},"author":18,"featured_media":0,"comment_status":"closed","ping_status":"closed","sticky":false,"template":"","format":"standard","meta":{"footnotes":""},"categories":[62],"tags":[],"class_list":["post-8183","post","type-post","status-publish","format-standard","hentry","category-agenda-paroquial"],"_links":{"self":[{"href":"https:\/\/www.paroquiasaocristovao.net\/index.php?rest_route=\/wp\/v2\/posts\/8183","targetHints":{"allow":["GET"]}}],"collection":[{"href":"https:\/\/www.paroquiasaocristovao.net\/index.php?rest_route=\/wp\/v2\/posts"}],"about":[{"href":"https:\/\/www.paroquiasaocristovao.net\/index.php?rest_route=\/wp\/v2\/types\/post"}],"author":[{"embeddable":true,"href":"https:\/\/www.paroquiasaocristovao.net\/index.php?rest_route=\/wp\/v2\/users\/18"}],"replies":[{"embeddable":true,"href":"https:\/\/www.paroquiasaocristovao.net\/index.php?rest_route=%2Fwp%2Fv2%2Fcomments&post=8183"}],"version-history":[{"count":1,"href":"https:\/\/www.paroquiasaocristovao.net\/index.php?rest_route=\/wp\/v2\/posts\/8183\/revisions"}],"predecessor-version":[{"id":8184,"href":"https:\/\/www.paroquiasaocristovao.net\/index.php?rest_route=\/wp\/v2\/posts\/8183\/revisions\/8184"}],"wp:attachment":[{"href":"https:\/\/www.paroquiasaocristovao.net\/index.php?rest_route=%2Fwp%2Fv2%2Fmedia&parent=8183"}],"wp:term":[{"taxonomy":"category","embeddable":true,"href":"https:\/\/www.paroquiasaocristovao.net\/index.php?rest_route=%2Fwp%2Fv2%2Fcategories&post=8183"},{"taxonomy":"post_tag","embeddable":true,"href":"https:\/\/www.paroquiasaocristovao.net\/index.php?rest_route=%2Fwp%2Fv2%2Ftags&post=8183"}],"curies":[{"name":"wp","href":"https:\/\/api.w.org\/{rel}","templated":true}]}}