{"id":8167,"date":"2014-12-25T22:33:41","date_gmt":"2014-12-26T00:33:41","guid":{"rendered":"http:\/\/www.paroquiasaocristovao.net\/?p=8167"},"modified":"2014-12-25T22:35:32","modified_gmt":"2014-12-26T00:35:32","slug":"falecimento-do-pai-do-p-gilson","status":"publish","type":"post","link":"https:\/\/www.paroquiasaocristovao.net\/?p=8167","title":{"rendered":"Falecimento do Pai do P. Gilson"},"content":{"rendered":"<p><span style=\"color: #000000;\"><a href=\"http:\/\/www.paroquiasaocristovao.net\/wp-content\/uploads\/2014\/12\/Edilson-Marcos-da-Silva.jpg\"><img loading=\"lazy\" decoding=\"async\" class=\"aligncenter wp-image-8169 size-medium\" src=\"http:\/\/www.paroquiasaocristovao.net\/wp-content\/uploads\/2014\/12\/Edilson-Marcos-da-Silva-227x300.jpg\" alt=\"Edilson-Marcos-da-Silva\" width=\"227\" height=\"300\" srcset=\"https:\/\/www.paroquiasaocristovao.net\/wp-content\/uploads\/2014\/12\/Edilson-Marcos-da-Silva-227x300.jpg 227w, https:\/\/www.paroquiasaocristovao.net\/wp-content\/uploads\/2014\/12\/Edilson-Marcos-da-Silva.jpg 327w\" sizes=\"auto, (max-width: 227px) 100vw, 227px\" \/><\/a>\u201cPobre filho\u201d, disse Mam\u00e3e Margarida a Dom Bosco, vem comigo que j\u00e1 n\u00e3o tens pai\u201d!<\/span><br style=\"color: #000000;\" \/><span style=\"color: #000000;\">(Das Mem\u00f3rias do Orat\u00f3rio de S\u00e3o Francisco de Sales, de Dom Bosco)<\/span><br style=\"color: #000000;\" \/><span style=\"color: #000000;\">Caros irm\u00e3os em Dom Bosco!<\/span><br style=\"color: #000000;\" \/><span style=\"color: #000000;\">Comunico-lhes que na madrugada deste 25 de dezembro teve seu encontro definitivo com o Pai Eterno o Sr. EDILSON MARCOS DA SILVA, meu pai!<\/span><br style=\"color: #000000;\" \/><span style=\"color: #000000;\">Nascido em 1946 na capital catarinense, foi jogador profissional de futebol, e sempre muito ligado ao esporte: futebol, tiro-ao-alvo, bocha, bol\u00e3o, jogos de mesa! Com voz privilegiada, era cantor de serestas!<\/span><br style=\"color: #000000;\" \/><span style=\"color: #000000;\">A 2 anos vinha tratando seriamente o diabete\u2026 E deveria tamb\u00e9m estar tratando adequadamente um tumor no pulm\u00e3o\u2026 No \u00faltimo m\u00eas, o c\u00e2ncer fez sentir sua for\u00e7a, debilitando muito sua sa\u00fade! Nesta madrugada, teve fal\u00eancia geral dos \u00f3rg\u00e3os, encontrando repouso para as muitas dores e, sobretudo, para a enorme dificuldade de respirar! Na tarde de ontem recebeu a \u201cvisita sacerdotal\u201d do P. Renato, a quem muito agradecemos a caridade!<\/span><br style=\"color: #000000;\" \/><span style=\"color: #000000;\">Ele deixa vi\u00fava minha m\u00e3e, C\u00e9lia, e \u00f3rf\u00e3os, minha irm\u00e3, Patr\u00edcia, e eu! A m\u00e3e dele, minha av\u00f3 paterna, ainda vive com seus 90 anos! (em Balne\u00e1rio Cambori\u00fa\/SC), bem como suas 2 irm\u00e3s seu irm\u00e3o!<\/span><br style=\"color: #000000;\" \/><span style=\"color: #000000;\">O vel\u00f3rio ser\u00e1 a partir desta tarde,\u00a0no Cemit\u00e9rio Municipal de Rio do Sul\/SC,\u00a0e o sepultamento \u00e0s 9h desta Sexta-feira, 26\/12,\u00a0no mesmo Cemit\u00e9rio!<\/span><br style=\"color: #000000;\" \/><span style=\"color: #000000;\">Pe\u00e7o-lhes a gentileza de rezar seja pelo descanso eterno dele seja pelo consolo da fam\u00edlia e dos amigos! E tamb\u00e9m que ajudem a agradecer a Deus seus 68 anos (e quase 8 meses) de vida:<\/span><br style=\"color: #000000;\" \/><span style=\"color: #000000;\">Louvor a v\u00f3s, \u00f3 Jesus, que duma Virgem nascestes. Louvor ao Pai e ao Esp\u00edrito no azul dos pa\u00e7os celestes.<\/span><br style=\"color: #000000;\" \/><span style=\"color: #000000;\">(Do Hino de Laudes do Dia de Natal)<\/span><br style=\"color: #000000;\" \/><span style=\"color: #000000;\">Na certeza da comunh\u00e3o de inten\u00e7\u00f5es e de preces, o meu abra\u00e7o fraterno!<\/span><\/p>\n","protected":false},"excerpt":{"rendered":"<p>\u201cPobre filho\u201d, disse Mam\u00e3e Margarida a Dom Bosco, vem comigo que j\u00e1 n\u00e3o tens pai\u201d!(Das Mem\u00f3rias do Orat\u00f3rio de S\u00e3o Francisco de Sales, de Dom Bosco)Caros irm\u00e3os em Dom Bosco!Comunico-lhes que na madrugada deste 25 de dezembro teve seu encontro definitivo com o Pai Eterno o Sr. EDILSON MARCOS DA SILVA, meu pai!Nascido em 1946 [&hellip;]<\/p>\n","protected":false},"author":2,"featured_media":0,"comment_status":"closed","ping_status":"closed","sticky":false,"template":"","format":"standard","meta":{"footnotes":""},"categories":[108],"tags":[],"class_list":["post-8167","post","type-post","status-publish","format-standard","hentry","category-inspetoria-salesiana-sao-pio-x"],"_links":{"self":[{"href":"https:\/\/www.paroquiasaocristovao.net\/index.php?rest_route=\/wp\/v2\/posts\/8167","targetHints":{"allow":["GET"]}}],"collection":[{"href":"https:\/\/www.paroquiasaocristovao.net\/index.php?rest_route=\/wp\/v2\/posts"}],"about":[{"href":"https:\/\/www.paroquiasaocristovao.net\/index.php?rest_route=\/wp\/v2\/types\/post"}],"author":[{"embeddable":true,"href":"https:\/\/www.paroquiasaocristovao.net\/index.php?rest_route=\/wp\/v2\/users\/2"}],"replies":[{"embeddable":true,"href":"https:\/\/www.paroquiasaocristovao.net\/index.php?rest_route=%2Fwp%2Fv2%2Fcomments&post=8167"}],"version-history":[{"count":3,"href":"https:\/\/www.paroquiasaocristovao.net\/index.php?rest_route=\/wp\/v2\/posts\/8167\/revisions"}],"predecessor-version":[{"id":8171,"href":"https:\/\/www.paroquiasaocristovao.net\/index.php?rest_route=\/wp\/v2\/posts\/8167\/revisions\/8171"}],"wp:attachment":[{"href":"https:\/\/www.paroquiasaocristovao.net\/index.php?rest_route=%2Fwp%2Fv2%2Fmedia&parent=8167"}],"wp:term":[{"taxonomy":"category","embeddable":true,"href":"https:\/\/www.paroquiasaocristovao.net\/index.php?rest_route=%2Fwp%2Fv2%2Fcategories&post=8167"},{"taxonomy":"post_tag","embeddable":true,"href":"https:\/\/www.paroquiasaocristovao.net\/index.php?rest_route=%2Fwp%2Fv2%2Ftags&post=8167"}],"curies":[{"name":"wp","href":"https:\/\/api.w.org\/{rel}","templated":true}]}}