{"id":7221,"date":"2014-09-08T13:40:08","date_gmt":"2014-09-08T16:40:08","guid":{"rendered":"http:\/\/www.paroquiasaocristovao.net\/?p=7221"},"modified":"2014-09-08T13:40:08","modified_gmt":"2014-09-08T16:40:08","slug":"encontro-de-liturgia-e-canto-pastoral-irma-miria-16-e-17-de-agosto","status":"publish","type":"post","link":"https:\/\/www.paroquiasaocristovao.net\/?p=7221","title":{"rendered":"Encontro de liturgia e canto pastoral &#8211; Irm\u00e3 M\u00edria  16 e 17 de Agosto"},"content":{"rendered":"<p><span style=\"color: rgb(0, 0, 0);\"><strong>&#8220;<em>O que pode ser cantado \u00e9 melhor do que falado.&#8221;<\/em><\/strong><\/span><\/p>\n<p><span style=\"color: rgb(0, 0, 0);\">\u00a0 \u00a0 \u00a0 \u00a0 \u00a0 \u00a0 \u00a0Conforme orienta\u00e7\u00e3o do Conc\u00edlio\u00a0 Vaticano II, a m\u00fasica apropriada a liturgia \u00e9 aquela que est\u00e1\u00a0 mais intimamente integrada a a\u00e7\u00e3o lit\u00fargica e ao momento ritual\u00a0 ao qual se destina.<\/span><\/p>\n<p><span style=\"color: rgb(0, 0, 0);\">\u00a0 \u00a0 \u00a0 \u00a0 \u00a0 \u00a0 \u00a0A m\u00fasica lit\u00fargica expressa o mist\u00e9rio de Cristo e a sacramentalidade da Igreja. O gesto sacramental de cantar &#8220;a uma s\u00f3 voz&#8221; pressup\u00f5e a participa\u00e7\u00e3o ativa, interior, consciente,\u00a0 frutuosa,\u00a0 plena de todo o povo sacerdotal congregado no Esp\u00edrito Santo, durante a a\u00e7\u00e3o lit\u00fargica.<\/span><\/p>\n<p><span style=\"color: rgb(0, 0, 0);\">\u00a0<strong>1 .<\/strong> Crit\u00e9rios para a cria\u00e7\u00e3o e escolha do repert\u00f3rio lit\u00fargico<\/span><\/p>\n<p><span style=\"color: rgb(0, 0, 0);\">\u00a0 \u00a0 \u00a0 \u00a0 \u00a0A cria\u00e7\u00e3o de um repert\u00f3rio b\u00edblico &#8211; lit\u00fargico pressup\u00f5e o cumprimento de alguns crit\u00e9rios b\u00e1sicos, a saber:<\/span><\/p>\n<p><span style=\"color: rgb(0, 0, 0);\"><strong><em>a)<\/em><\/strong> Os textos dos cantos sejam tirados da Sagrada Escritura ou inspirados nela e das fontes lit\u00fargicas; sejam po\u00e9ticos,\u00a0 evitando explicita\u00e7\u00f5es desnecess\u00e1rias, moralismos, chav\u00f5es;<\/span><\/p>\n<p><span style=\"color: rgb(0, 0, 0);\"><strong><em>b)<\/em><\/strong> As melodias sejam acess\u00edvel a grande maioria da assembl\u00e9ia, por\u00e9m,\u00a0 belas e inspiradas;<\/span><\/p>\n<p><span style=\"color: rgb(0, 0, 0);\"><strong><em>c)<\/em><\/strong> Sejam evitados melodias e textos adaptados de can\u00e7\u00f5es populares,\u00a0 trilhas sonoras de filmes e novelas;<\/span><\/p>\n<p><span style=\"color: rgb(0, 0, 0);\"><strong><em>d)<\/em><\/strong> Seja levado em conta o tipo de celebra\u00e7\u00e3o,\u00a0 o momento ritual em que o canto ser\u00e1 executado e as caracter\u00edsticas da assembleia;<\/span><\/p>\n<p><span style=\"color: rgb(0, 0, 0);\"><strong><em>e)<\/em><\/strong> Sejam respeitados os tempos do ano lit\u00fargico e suas festas;<\/span><\/p>\n<p><span style=\"color: rgb(0, 0, 0);\"><strong><em>f)<\/em><\/strong> Seja considerada a cultura do povo do lugar;<\/span><\/p>\n<p><span style=\"color: rgb(0, 0, 0);\"><strong><em>g)<\/em><\/strong> Sejam levadas em conta as dimens\u00f5es comunit\u00e1ria, dialogal e orante nos textos e nas melodias.<\/span><\/p>\n<p><span style=\"color: rgb(0, 0, 0);\">\u00a02\u00a0<strong>O canto e a m\u00fasica nos tempos do ano lit\u00fargico<\/strong><\/span><\/p>\n<p><span style=\"color: rgb(0, 0, 0);\">\u00a0\u00a0\u00a0\u00a0\u00a0\u00a0\u00a0\u00a0\u00a0\u00a0\u00a0 O canto e a m\u00fasica devem expressar o mist\u00e9rio de Cristo,\u00a0 de acordo com o tempo lit\u00fargico e suas festas.(Hin\u00e1rio Lit\u00fargico da CNBB).<\/span><\/p>\n<p><span style=\"color: rgb(0, 0, 0);\"><strong><em>\u00a0<\/em><\/strong><strong><em>2.1<\/em><\/strong> <strong>Cantar o Advento do Senhor<\/strong><\/span><\/p>\n<p><span style=\"color: rgb(0, 0, 0);\">\u00a0\u00a0\u00a0\u00a0\u00a0\u00a0\u00a0\u00a0\u00a0\u00a0 No in\u00edcio do ano lit\u00fargico, ao longo de quatro semanas,\u00a0 a Igreja entoa um canto de vigilante,\u00a0 amorosa e alegre espera da vinda do Senhor.<\/span><\/p>\n<p><span style=\"color: rgb(0, 0, 0);\">\u00a0<strong><em>2.2 <\/em><\/strong><strong>Cantar o Natal do Senhor<\/strong><\/span><\/p>\n<p><span style=\"color: rgb(0, 0, 0);\">\u00a0\u00a0\u00a0\u00a0\u00a0\u00a0\u00a0\u00a0\u00a0 Neste tempo, cantamos, com a euforia dos profetas e evangelistas de todos os tempos, o mist\u00e9rio da encarna\u00e7\u00e3o (Natal) e da manifesta\u00e7\u00e3o (Epifania) do Verbo<\/span><\/p>\n<p><span style=\"color: rgb(0, 0, 0);\">de Deus.<\/span><\/p>\n<p><span style=\"color: rgb(0, 0, 0);\">\u00a0<strong><em>2.3<\/em><\/strong> <strong>Cantar a Quaresma<\/strong><\/span><\/p>\n<p><span style=\"color: rgb(0, 0, 0);\">\u00a0\u00a0\u00a0\u00a0\u00a0\u00a0\u00a0\u00a0\u00a0 Cantar a quaresma \u00e9,\u00a0 antes de tudo,\u00a0 cantar a dor que se sente pelo pecado do mundo, que, em todos os tempos e de tantas maneiras,\u00a0 crucifica os filhos de Deus e prolonga, assim a Paix\u00e3o de Cristo. \u00c9 um canto\u00a0 de penit\u00eancia e convers\u00e3o,\u00a0 um canto sem &#8220;gl\u00f3ria&#8221; e sem &#8220;aleluia&#8221;, um canto sem flores e sem as vestes de alegria, um grito penitente de quem implora s\u00faplica.<\/span><\/p>\n<p><span style=\"color: rgb(0, 0, 0);\">\u00a0<strong><em>2.4<\/em><\/strong> <strong>Cantar o Tr\u00edduo Pascal<\/strong><\/span><\/p>\n<p><span style=\"color: rgb(0, 0, 0);\">\u00a0\u00a0\u00a0\u00a0\u00a0\u00a0\u00a0\u00a0\u00a0\u00a0 Nesses tr\u00eas dias, vivenciamos, de forma condensada, o mist\u00e9rio Pascal de Cristo que se desdobra nas celebra\u00e7\u00f5es do &#8220;Tr\u00edduo Sacro&#8221; de sua morte,\u00a0 sepultura e ressurrei\u00e7\u00e3o.<\/span><\/p>\n<p><span style=\"color: rgb(0, 0, 0);\">\u00a0<em>Missa da Ceia do Senhor<\/em><em> &#8211; <\/em>gloriar-nos na Cruz de Nosso Senhor Jesus Cristo;<\/span><\/p>\n<p><span style=\"color: rgb(0, 0, 0);\">Lava-p\u00e9s &#8211; mandamento do amor; Eucaristia &#8211; sacramento do amor<\/span><\/p>\n<p><span style=\"color: rgb(0, 0, 0);\">Celebra\u00e7\u00e3o da Paix\u00e3o do Senhor &#8211;\u00a0 cantamos a confian\u00e7a do Servo Sofredor que se entregou,\u00a0 sem reservas e a esperan\u00e7a da vit\u00f3ria de seus fi\u00e9is seguidores.<\/span><\/p>\n<p><span style=\"color: rgb(0, 0, 0);\">S\u00e1bado Santo &#8211; cantamos o esplendor de uma luz que jamais se apagar\u00e1. Proclamamos maravilhas de Deus que nos libertou das trevas da morte e nos devolveu a vida. Revigoramos nosso compromisso batismal.<\/span><\/p>\n<p><span style=\"color: rgb(0, 0, 0);\">\u00a0<strong><em>2.5<\/em><\/strong> <strong>Cantar a P\u00e1scoa do Senhor<\/strong><\/span><\/p>\n<p><span style=\"color: rgb(0, 0, 0);\">\u00a0\u00a0\u00a0\u00a0\u00a0\u00a0\u00a0\u00a0\u00a0\u00a0\u00a0 O canto da igreja no tempo Pascal \u00e9 de exulta\u00e7\u00e3o e de alegria. Ressuscitados com Cristo, cantamos sua gl\u00f3ria, sua vit\u00f3ria sobre a morte.<\/span><\/p>\n<p><span style=\"color: rgb(0, 0, 0);\">\u00a0\u00a0\u00a0\u00a0\u00a0\u00a0\u00a0\u00a0\u00a0\u00a0 O \u201c aleluia\u201d volta a\u00a0 ressoar em nossos l\u00e1bios, invadindo todo o nosso ser com ardor sempre crescente, pois \u201c as coisas antigas j\u00e1 se passaram, somos nascidos de novo\u201d.<\/span><\/p>\n<p><span style=\"color: rgb(0, 0, 0);\">\u00a0<strong><em>2.6<\/em><\/strong> <strong>Cantar o Tempo Comum<\/strong><\/span><\/p>\n<p><span style=\"color: rgb(0, 0, 0);\">\u00a0\u00a0\u00a0\u00a0\u00a0\u00a0\u00a0\u00a0\u00a0 \u00c9 o mais extenso do ano lit\u00fargico \u2013 nos permite desfrutar de outros aspectos da vida e da miss\u00e3o de Jesus e seus disc\u00edpulos, que n\u00e3o s\u00e3o contemplados nos tempos de Natal e P\u00e1scoa.<\/span><\/p>\n<p><span style=\"color: rgb(0, 0, 0);\">\u00a0<strong><em>2.7 <\/em><\/strong><strong>Cantar as solenidades e festas<\/strong><\/span><\/p>\n<p><span style=\"color: rgb(0, 0, 0);\">\u00a0 \u00a0\u00a0\u00a0\u00a0Embora, ao longo do ano lit\u00fargico, a Igreja celebre o mesmo mist\u00e9rio de Cristo, no decorrer da hist\u00f3ria foram sendo agregadas ao calend\u00e1rio lit\u00fargico outras celebra\u00e7\u00f5es do Senhor, da Sant\u00edssima Virgem Maria e dos santos e santas.<\/span><\/p>\n<p><span style=\"color: rgb(0, 0, 0);\"><a href=\"http:\/\/www.paroquiasaocristovao.net\/wp-content\/uploads\/2014\/09\/estruturacantos.jpg\"><span style=\"color: rgb(0, 0, 0);\"><img loading=\"lazy\" decoding=\"async\" class=\"size-full wp-image-7222 alignnone\" src=\"http:\/\/www.paroquiasaocristovao.net\/wp-content\/uploads\/2014\/09\/estruturacantos.jpg\" alt=\"estruturacantos\" width=\"2218\" height=\"1308\" srcset=\"https:\/\/www.paroquiasaocristovao.net\/wp-content\/uploads\/2014\/09\/estruturacantos.jpg 2218w, https:\/\/www.paroquiasaocristovao.net\/wp-content\/uploads\/2014\/09\/estruturacantos-300x176.jpg 300w, https:\/\/www.paroquiasaocristovao.net\/wp-content\/uploads\/2014\/09\/estruturacantos-1024x603.jpg 1024w, https:\/\/www.paroquiasaocristovao.net\/wp-content\/uploads\/2014\/09\/estruturacantos-600x353.jpg 600w\" sizes=\"auto, (max-width: 2218px) 100vw, 2218px\" \/><\/span><\/a><\/span><\/p>\n<p><span style=\"color: rgb(0, 0, 0);\"><strong><em>\u00a0<\/em><\/strong><strong>Ainda foi lembrado que:<\/strong><\/span><\/p>\n<p><span style=\"color: rgb(0, 0, 0);\">&#8211;\u00a0\u00a0\u00a0\u00a0\u00a0\u00a0\u00a0 \u00c9 importante combinar com o celebrante o que ser\u00e1 executado durante a celebra\u00e7\u00e3o ( o que ser\u00e1 cantado, lido, acrescentado ou omitido).<\/span><\/p>\n<p><span style=\"color: rgb(0, 0, 0);\">&#8211;\u00a0\u00a0\u00a0\u00a0\u00a0\u00a0\u00a0 Um roteiro, nas celebra\u00e7\u00f5es mais complexas e que envolvem muitas pessoas ou segmentos, \u00e9 de grande valia.<\/span><\/p>\n<p><span style=\"color: rgb(0, 0, 0);\">&#8211;\u00a0\u00a0\u00a0\u00a0\u00a0\u00a0\u00a0 Deve \u201csempre\u201d prevalecer a orienta\u00e7\u00e3o do celebrante (padre) pois \u00e9 ele quem conduzir\u00e1 a celebra\u00e7\u00e3o, e esta deve ocorrer de forma tranquila e sem surpresas.<\/span><\/p>\n<p><span style=\"color: rgb(0, 0, 0);\">&#8211;\u00a0\u00a0\u00a0\u00a0\u00a0\u00a0\u00a0 Para que os cantos sejam bem executados durante a celebra\u00e7\u00e3o \u00e9 importante o ensaio antes da missa (10 a 15 minutos antes), para que a comunidade se familiarize com as melodias e letras.<\/span><\/p>\n<p><span style=\"color: rgb(0, 0, 0);\">\u00a0<strong>Relato:<\/strong><\/span><\/p>\n<p><span style=\"color: rgb(0, 0, 0);\">\u00a0\u00a0\u00a0\u00a0 \u00a0\u00a0\u00a0\u00a0Durante a celebra\u00e7\u00e3o que ocorreu na catedral, j\u00e1 n\u00e3o foi cantado A Paz, a qual pode ser cantada como canto final, se for o caso. (Pe. Adriano me informou que ainda n\u00e3o recebemos nada oficial sobre a omiss\u00e3o ou n\u00e3o do canto da Paz antes do Cordeiro, ent\u00e3o fica a crit\u00e9rio do celebrante)<\/span><\/p>\n<p><span style=\"color: rgb(0, 0, 0);\">\u00a0\u00a0\u00a0\u00a0 \u00a0\u00a0\u00a0Tamb\u00e9m foi cantada a resposta das Preces da Assembleia; as inten\u00e7\u00f5es e avisos paroquiais foram feitos antes da celebra\u00e7\u00e3o. Apenas a inten\u00e7\u00e3o da missa de 7\u00ba dia de falecimento foi relembrada pelo celebrante em momento oportuno.<\/span><\/p>\n<p><span style=\"color: rgb(0, 0, 0);\">\u00a0\u00a0\u00a0\u00a0 \u00a0\u00a0\u00a0\u00a0O canto p\u00f3s-comunh\u00e3o foi alegre e num ritmo bem agitado, os demais cantos todos marchas marciais, em tons alt\u00edssimos, com grande dificuldade para serem entoados, a maioria desconhecido,\u00a0 o que causou um canto muito inseguro e desencontrado, em muito momentos.<\/span><\/p>\n<p><span style=\"color: rgb(0, 0, 0);\">\u00a0\u00a0\u00a0\u00a0 \u00a0\u00a0\u00a0Como era dia da Assun\u00e7\u00e3o de Nossa Senhora, ao t\u00e9rmino da celebra\u00e7\u00e3o iniciou-se um Hino a Maria e muitos fi\u00e9is ficaram ao redor do altar para homenage\u00e1-la.<\/span><\/p>\n<p><span style=\"color: rgb(0, 0, 0);\">\u00a0\u00a0\u00a0\u00a0\u00a0 \u00a0\u00a0\u00a0No datashow n\u00e3o foi exibido, leituras, evangelho ou outras partes da missa, apenas os cantos, resposta do Salmo e das Preces.<\/span><\/p>\n<p><span style=\"color: rgb(0, 0, 0);\">\u00a0\u00a0\u00a0\u00a0\u00a0\u00a0\u00a0\u00a0 Durante o curso, alguns pontos important\u00edssimos referentes a organiza\u00e7\u00e3o e escolha de cantos para as celebra\u00e7\u00f5es foram relembrados, bem como a import\u00e2ncia de preparar com anteced\u00eancia o que ser\u00e1 utilizado na missa para que esteja de acordo com a liturgia do dia. Foi esclarecido que todos os instrumentos s\u00e3o bem vindos, desde que sejam tocados de forma harmoniosa e nos momentos adequados.<\/span><\/p>\n<p><span style=\"color: rgb(0, 0, 0);\">\u00a0\u00a0\u00a0\u00a0\u00a0\u00a0\u00a0 Irm\u00e3 M\u00edria nos lembrou, que infelizmente, muitos participantes das missas n\u00e3o s\u00e3o \u201ctocados\u201d nem pela liturgia e nem pelos cantos, e que isso n\u00e3o deve nos desanimar, e sim, fazer com que continuemos o nosso trabalho sempre perseverantes.<\/span><\/p>\n<p><span style=\"color: rgb(0, 0, 0);\">\u00a0\u00a0\u00a0\u00a0\u00a0\u00a0\u00a0 Participar deste curso foi muito bom. Mostrou que estamos caminhando bem, no sentido da qualidade musical dos grupos da par\u00f3quia, pois acredito que todos tem procurado melhorar a qualidade deste trabalho que \u00e9 prestado \u00e0 comunidade e a Deus, com o objetivo de que a comunidade participe cada vez mais, saindo de cada celebra\u00e7\u00e3o com o desejo de retornar.<\/span><\/p>\n<p><strong>Participantes:<\/strong> Luiz Felipe Salgado,\u00a0M\u00e1rcia Regina Gritz, \u00a0Mauro Rog\u00e9rio Amaral<\/p>\n","protected":false},"excerpt":{"rendered":"<p>&#8220;O que pode ser cantado \u00e9 melhor do que falado.&#8221; \u00a0 \u00a0 \u00a0 \u00a0 \u00a0 \u00a0 \u00a0Conforme orienta\u00e7\u00e3o do Conc\u00edlio\u00a0 Vaticano II, a m\u00fasica apropriada a liturgia \u00e9 aquela que est\u00e1\u00a0 mais intimamente integrada a a\u00e7\u00e3o lit\u00fargica e ao momento ritual\u00a0 ao qual se destina. \u00a0 \u00a0 \u00a0 \u00a0 \u00a0 \u00a0 \u00a0A m\u00fasica lit\u00fargica expressa [&hellip;]<\/p>\n","protected":false},"author":18,"featured_media":0,"comment_status":"closed","ping_status":"closed","sticky":false,"template":"","format":"standard","meta":{"footnotes":""},"categories":[29,20],"tags":[],"class_list":["post-7221","post","type-post","status-publish","format-standard","hentry","category-grupos-de-cantos","category-liturgia"],"_links":{"self":[{"href":"https:\/\/www.paroquiasaocristovao.net\/index.php?rest_route=\/wp\/v2\/posts\/7221","targetHints":{"allow":["GET"]}}],"collection":[{"href":"https:\/\/www.paroquiasaocristovao.net\/index.php?rest_route=\/wp\/v2\/posts"}],"about":[{"href":"https:\/\/www.paroquiasaocristovao.net\/index.php?rest_route=\/wp\/v2\/types\/post"}],"author":[{"embeddable":true,"href":"https:\/\/www.paroquiasaocristovao.net\/index.php?rest_route=\/wp\/v2\/users\/18"}],"replies":[{"embeddable":true,"href":"https:\/\/www.paroquiasaocristovao.net\/index.php?rest_route=%2Fwp%2Fv2%2Fcomments&post=7221"}],"version-history":[{"count":1,"href":"https:\/\/www.paroquiasaocristovao.net\/index.php?rest_route=\/wp\/v2\/posts\/7221\/revisions"}],"predecessor-version":[{"id":7223,"href":"https:\/\/www.paroquiasaocristovao.net\/index.php?rest_route=\/wp\/v2\/posts\/7221\/revisions\/7223"}],"wp:attachment":[{"href":"https:\/\/www.paroquiasaocristovao.net\/index.php?rest_route=%2Fwp%2Fv2%2Fmedia&parent=7221"}],"wp:term":[{"taxonomy":"category","embeddable":true,"href":"https:\/\/www.paroquiasaocristovao.net\/index.php?rest_route=%2Fwp%2Fv2%2Fcategories&post=7221"},{"taxonomy":"post_tag","embeddable":true,"href":"https:\/\/www.paroquiasaocristovao.net\/index.php?rest_route=%2Fwp%2Fv2%2Ftags&post=7221"}],"curies":[{"name":"wp","href":"https:\/\/api.w.org\/{rel}","templated":true}]}}