{"id":7217,"date":"2014-09-08T11:45:03","date_gmt":"2014-09-08T14:45:03","guid":{"rendered":"http:\/\/www.paroquiasaocristovao.net\/?p=7217"},"modified":"2014-09-08T13:16:19","modified_gmt":"2014-09-08T16:16:19","slug":"ata-no-196-da-reuniao-da-equipe-de-liturgia","status":"publish","type":"post","link":"https:\/\/www.paroquiasaocristovao.net\/?p=7217","title":{"rendered":"ATA N\u00ba. 196 DA REUNI\u00c3O DA EQUIPE DE LITURGIA"},"content":{"rendered":"<p><img loading=\"lazy\" decoding=\"async\" class=\"alignright wp-image-910 size-full\" src=\"http:\/\/www.paroquiasaocristovao.net\/wp-content\/uploads\/2013\/02\/atas.jpg\" alt=\"atas\" width=\"85\" height=\"120\" \/>Aos vinte e oito dias do m\u00eas de agosto de 2014, \u00e0s vinte horas, na sala de reuni\u00f5es da par\u00f3quia, foi realizada a reuni\u00e3o da Equipe de Liturgia da Par\u00f3quia S\u00e3o Crist\u00f3v\u00e3o. Com a participa\u00e7\u00e3o do primeiro secret\u00e1rio e dos representantes da ADMA, AJS, AJS m\u00fasica, Apostolado da Ora\u00e7\u00e3o, Catequese, Catequese Adultos, Congrega\u00e7\u00e3o Mariana, Coroinhas, Grupo de Cantos Alegria, Grupo de Cantos Gra\u00e7a e Louvor, Grupo de Ora\u00e7\u00e3o Nossa Senhora Auxiliadora, MESC, Mission\u00e1rios, Movimento de Irm\u00e3os, Pastoral da Comunica\u00e7\u00e3o, Salesianos Cooperadores, SAV e o visitante Alvimar Duran; todos que assinaram a lista de presen\u00e7a. O Teco deu as boas vindas a todos, iniciou com o canto a Dom Bosco e ora\u00e7\u00e3o do Pai Nosso. O p\u00e1roco n\u00e3o participou pois estava viajando. A ata da reuni\u00e3o anterior foi aprovada.<\/p>\n<p>Como a agenda estava livre, iniciamos com as palavras iniciais do Teco.<\/p>\n<p><strong>Palavras do Teco<\/strong><\/p>\n<p>Discorreu sobre os aspectos da liturgia na par\u00f3quia, em fun\u00e7\u00e3o de sua participa\u00e7\u00e3o do Encontro de liturgia e canto pastoral \u2013 Irm\u00e3 Mirian \u2013 dias 16 e 17 de agosto, junto com a M\u00e1rcia e Mauro.<\/p>\n<p>Em uma conversa franca com os presentes foram abordados diversos aspectos de nossas celebra\u00e7\u00f5es.<\/p>\n<p>Como palavra final usou a express\u00e3o \u201cdevemos colocar a cara\u201d isto \u00e9, n\u00e3o ter medo de se expor e ter criatividade, de modo que nossas celebra\u00e7\u00f5es sejam mais a animadas.<\/p>\n<p><strong>Missa de 8 de setembro<\/strong><\/p>\n<p>No dia 8 de setembro, como \u00e9 o dia de Nossa Senhora da Luz, teremos missa. N\u00e3o estava definido o hor\u00e1rio, mas um contato com o Padre Adriano ap\u00f3s a reuni\u00e3o, foi informado que ser\u00e1 as 09h00 em hor\u00e1rio \u00fanico. A liturgia ficou a cargo da Luiza\u00a0 e o canto com o Grupo Gra\u00e7a e Louvor<\/p>\n<p><strong>Palavras da M\u00e1rcia do Grupo Gra\u00e7a e Louvor.<\/strong><\/p>\n<p>A M\u00e1rcia fez um relato dos principais itens abordados no encontro do qual participou.<\/p>\n<p>Disponibilizou um arquivo para consulta, que ser\u00e1 inserido no site da par\u00f3quia, dentro dos documentos da \u201dLiturgia\u201d no qual apresenta um resumo do que foi ministrado.<\/p>\n<p><strong>\u00a0Assuntos gerais.<\/strong><\/p>\n<p>Como a comunidade preparou uma missa de envio do Andr\u00e9, para as miss\u00f5es, foi sugerido que fosse preparada uma grande acolhida com a participa\u00e7\u00e3o de todos.<\/p>\n<p>O Alvimar, nosso visitante, falou que mudou-se a pouco tempo para nossa par\u00f3quia, vindo da par\u00f3quia do Port\u00e3o e quer participar de nossas atividades. L\u00e1 participou de alguns grupos e ultimamente da Pastoral dos Leitores.<\/p>\n<p>A pr\u00f3xima reuni\u00e3o foi marcada para o dia 25 de setembro.<\/p>\n<p>A reuni\u00e3o foi encerrada com uma ora\u00e7\u00e3o.<\/p>\n<p><strong>\u00a0<\/strong><strong>Carlos Emide Vasco &#8211;<\/strong><strong>\u00a0Secret\u00e1rio<\/strong><\/p>\n<p><strong>\u00a0<\/strong><\/p>\n","protected":false},"excerpt":{"rendered":"<p>Aos vinte e oito dias do m\u00eas de agosto de 2014, \u00e0s vinte horas, na sala de reuni\u00f5es da par\u00f3quia, foi realizada a reuni\u00e3o da Equipe de Liturgia da Par\u00f3quia S\u00e3o Crist\u00f3v\u00e3o. Com a participa\u00e7\u00e3o do primeiro secret\u00e1rio e dos representantes da ADMA, AJS, AJS m\u00fasica, Apostolado da Ora\u00e7\u00e3o, Catequese, Catequese Adultos, Congrega\u00e7\u00e3o Mariana, Coroinhas, [&hellip;]<\/p>\n","protected":false},"author":18,"featured_media":0,"comment_status":"closed","ping_status":"closed","sticky":false,"template":"","format":"standard","meta":{"footnotes":""},"categories":[49],"tags":[],"class_list":["post-7217","post","type-post","status-publish","format-standard","hentry","category-atas-equipe-da-liturgia"],"_links":{"self":[{"href":"https:\/\/www.paroquiasaocristovao.net\/index.php?rest_route=\/wp\/v2\/posts\/7217","targetHints":{"allow":["GET"]}}],"collection":[{"href":"https:\/\/www.paroquiasaocristovao.net\/index.php?rest_route=\/wp\/v2\/posts"}],"about":[{"href":"https:\/\/www.paroquiasaocristovao.net\/index.php?rest_route=\/wp\/v2\/types\/post"}],"author":[{"embeddable":true,"href":"https:\/\/www.paroquiasaocristovao.net\/index.php?rest_route=\/wp\/v2\/users\/18"}],"replies":[{"embeddable":true,"href":"https:\/\/www.paroquiasaocristovao.net\/index.php?rest_route=%2Fwp%2Fv2%2Fcomments&post=7217"}],"version-history":[{"count":3,"href":"https:\/\/www.paroquiasaocristovao.net\/index.php?rest_route=\/wp\/v2\/posts\/7217\/revisions"}],"predecessor-version":[{"id":7220,"href":"https:\/\/www.paroquiasaocristovao.net\/index.php?rest_route=\/wp\/v2\/posts\/7217\/revisions\/7220"}],"wp:attachment":[{"href":"https:\/\/www.paroquiasaocristovao.net\/index.php?rest_route=%2Fwp%2Fv2%2Fmedia&parent=7217"}],"wp:term":[{"taxonomy":"category","embeddable":true,"href":"https:\/\/www.paroquiasaocristovao.net\/index.php?rest_route=%2Fwp%2Fv2%2Fcategories&post=7217"},{"taxonomy":"post_tag","embeddable":true,"href":"https:\/\/www.paroquiasaocristovao.net\/index.php?rest_route=%2Fwp%2Fv2%2Ftags&post=7217"}],"curies":[{"name":"wp","href":"https:\/\/api.w.org\/{rel}","templated":true}]}}