{"id":7213,"date":"2014-09-07T23:30:20","date_gmt":"2014-09-08T02:30:20","guid":{"rendered":"http:\/\/www.paroquiasaocristovao.net\/?p=7213"},"modified":"2014-09-15T15:52:37","modified_gmt":"2014-09-15T18:52:37","slug":"avisos-paroquiais","status":"publish","type":"post","link":"https:\/\/www.paroquiasaocristovao.net\/?p=7213","title":{"rendered":"Avisos Paroquiais 08\/09\/2014"},"content":{"rendered":"<p><a href=\"http:\/\/www.paroquiasaocristovao.net\/wp-content\/uploads\/2014\/02\/avisos.jpg\"><img loading=\"lazy\" decoding=\"async\" class=\"alignleft wp-image-5646 size-full\" src=\"http:\/\/www.paroquiasaocristovao.net\/wp-content\/uploads\/2014\/02\/avisos.jpg\" alt=\"avisos\" width=\"200\" height=\"160\" \/><\/a>&#8211; Dia 10 de Setembro, quarta-feira, reuni\u00e3o com os catequistas da nossa comunidade, \u00e0s 19:30 horas.<\/p>\n<p>&#8211; Dia 11 de setembro, quinta-feira, reuni\u00e3o com os Ministros (as), ap\u00f3s a missa.<\/p>\n<p>&#8211;\u00a0 No pr\u00f3ximo s\u00e1bado dia 13 de setembro, \u00e0s 15:00 horas, acontecer\u00e1 uma oficina de canto, os interessados poder\u00e3o se inscrever na secretaria da par\u00f3quia, as vagas ser\u00e3o limitadas e a taxa de inscri\u00e7\u00e3o ser\u00e1 de R$ 20,00.<\/p>\n<p>&#8211;\u00a0 No pr\u00f3ximo dia 27 , s\u00e1bado, o SAV (Servi\u00e7o de Anima\u00e7\u00e3o Vocacional) promove mais um Show de Talentos, aberto a toda comunidade para quem quiser demonstrar os seus dons e dotes art\u00edsticos.<\/p>\n","protected":false},"excerpt":{"rendered":"<p>&#8211; Dia 10 de Setembro, quarta-feira, reuni\u00e3o com os catequistas da nossa comunidade, \u00e0s 19:30 horas. &#8211; Dia 11 de setembro, quinta-feira, reuni\u00e3o com os Ministros (as), ap\u00f3s a missa. &#8211;\u00a0 No pr\u00f3ximo s\u00e1bado dia 13 de setembro, \u00e0s 15:00 horas, acontecer\u00e1 uma oficina de canto, os interessados poder\u00e3o se inscrever na secretaria da par\u00f3quia, [&hellip;]<\/p>\n","protected":false},"author":2,"featured_media":0,"comment_status":"closed","ping_status":"closed","sticky":false,"template":"","format":"aside","meta":{"footnotes":""},"categories":[89,7,20,1,21,28],"tags":[],"class_list":["post-7213","post","type-post","status-publish","format-aside","hentry","category-avisos","category-catequese","category-liturgia","category-geral","category-ministros","category-sav","post_format-post-format-aside"],"_links":{"self":[{"href":"https:\/\/www.paroquiasaocristovao.net\/index.php?rest_route=\/wp\/v2\/posts\/7213","targetHints":{"allow":["GET"]}}],"collection":[{"href":"https:\/\/www.paroquiasaocristovao.net\/index.php?rest_route=\/wp\/v2\/posts"}],"about":[{"href":"https:\/\/www.paroquiasaocristovao.net\/index.php?rest_route=\/wp\/v2\/types\/post"}],"author":[{"embeddable":true,"href":"https:\/\/www.paroquiasaocristovao.net\/index.php?rest_route=\/wp\/v2\/users\/2"}],"replies":[{"embeddable":true,"href":"https:\/\/www.paroquiasaocristovao.net\/index.php?rest_route=%2Fwp%2Fv2%2Fcomments&post=7213"}],"version-history":[{"count":2,"href":"https:\/\/www.paroquiasaocristovao.net\/index.php?rest_route=\/wp\/v2\/posts\/7213\/revisions"}],"predecessor-version":[{"id":7290,"href":"https:\/\/www.paroquiasaocristovao.net\/index.php?rest_route=\/wp\/v2\/posts\/7213\/revisions\/7290"}],"wp:attachment":[{"href":"https:\/\/www.paroquiasaocristovao.net\/index.php?rest_route=%2Fwp%2Fv2%2Fmedia&parent=7213"}],"wp:term":[{"taxonomy":"category","embeddable":true,"href":"https:\/\/www.paroquiasaocristovao.net\/index.php?rest_route=%2Fwp%2Fv2%2Fcategories&post=7213"},{"taxonomy":"post_tag","embeddable":true,"href":"https:\/\/www.paroquiasaocristovao.net\/index.php?rest_route=%2Fwp%2Fv2%2Ftags&post=7213"}],"curies":[{"name":"wp","href":"https:\/\/api.w.org\/{rel}","templated":true}]}}