{"id":6976,"date":"2014-07-28T23:45:44","date_gmt":"2014-07-29T02:45:44","guid":{"rendered":"http:\/\/www.paroquiasaocristovao.net\/?p=6976"},"modified":"2014-07-28T23:45:44","modified_gmt":"2014-07-29T02:45:44","slug":"encontrao-da-ajs","status":"publish","type":"post","link":"https:\/\/www.paroquiasaocristovao.net\/?p=6976","title":{"rendered":"Encontr\u00e3o da AJS"},"content":{"rendered":"<p><span style=\"color: #141823;\">No \u00faltimo domingo (27), nossos jovens se reuniram para o Encontr\u00e3o da AJS, organizado pelos assessores e conduzido pelo Padre Volnei .\u00a0<\/span><br style=\"color: #141823;\" \/><span style=\"color: #141823;\">Guiados pela palavra-chave &#8220;Doa\u00e7\u00e3o&#8221;, os jovens e adolescentes dos grupos ALEGRIA, ASSC, JUDAC e UPAS participaram de um quiz sobre Dom Bosco, din\u00e2micas e reflex\u00f5es sobre o tema proposto. Al\u00e9m disso, tamb\u00e9m avaliaram o trabalho dos assessores nos grupos durante o 1\u00b0 semestre e se divertiram numa tarde nublada de esportes! \u00a0<\/span><\/p>\n<p><span style=\"color: #141823;\"><a href=\"http:\/\/www.paroquiasaocristovao.net\/wp-content\/uploads\/2014\/07\/Ajs-1.jpg\"><img loading=\"lazy\" decoding=\"async\" class=\"alignnone size-medium wp-image-6977\" src=\"http:\/\/www.paroquiasaocristovao.net\/wp-content\/uploads\/2014\/07\/Ajs-1-300x224.jpg\" alt=\"Ajs 1\" width=\"300\" height=\"224\" srcset=\"https:\/\/www.paroquiasaocristovao.net\/wp-content\/uploads\/2014\/07\/Ajs-1-300x224.jpg 300w, https:\/\/www.paroquiasaocristovao.net\/wp-content\/uploads\/2014\/07\/Ajs-1-160x120.jpg 160w, https:\/\/www.paroquiasaocristovao.net\/wp-content\/uploads\/2014\/07\/Ajs-1.jpg 526w\" sizes=\"auto, (max-width: 300px) 100vw, 300px\" \/><\/a> <a href=\"http:\/\/www.paroquiasaocristovao.net\/wp-content\/uploads\/2014\/07\/Ajs-2.jpg\"><img loading=\"lazy\" decoding=\"async\" class=\"alignnone size-medium wp-image-6978\" src=\"http:\/\/www.paroquiasaocristovao.net\/wp-content\/uploads\/2014\/07\/Ajs-2-300x225.jpg\" alt=\"Ajs 2\" width=\"300\" height=\"225\" srcset=\"https:\/\/www.paroquiasaocristovao.net\/wp-content\/uploads\/2014\/07\/Ajs-2-300x225.jpg 300w, https:\/\/www.paroquiasaocristovao.net\/wp-content\/uploads\/2014\/07\/Ajs-2-600x450.jpg 600w, https:\/\/www.paroquiasaocristovao.net\/wp-content\/uploads\/2014\/07\/Ajs-2-160x120.jpg 160w, https:\/\/www.paroquiasaocristovao.net\/wp-content\/uploads\/2014\/07\/Ajs-2.jpg 800w\" sizes=\"auto, (max-width: 300px) 100vw, 300px\" \/><\/a> <a href=\"http:\/\/www.paroquiasaocristovao.net\/wp-content\/uploads\/2014\/07\/Ajs-3.jpg\"><img loading=\"lazy\" decoding=\"async\" class=\"alignnone size-medium wp-image-6979\" src=\"http:\/\/www.paroquiasaocristovao.net\/wp-content\/uploads\/2014\/07\/Ajs-3-300x225.jpg\" alt=\"Ajs 3\" width=\"300\" height=\"225\" srcset=\"https:\/\/www.paroquiasaocristovao.net\/wp-content\/uploads\/2014\/07\/Ajs-3-300x225.jpg 300w, https:\/\/www.paroquiasaocristovao.net\/wp-content\/uploads\/2014\/07\/Ajs-3-600x450.jpg 600w, https:\/\/www.paroquiasaocristovao.net\/wp-content\/uploads\/2014\/07\/Ajs-3-160x120.jpg 160w, https:\/\/www.paroquiasaocristovao.net\/wp-content\/uploads\/2014\/07\/Ajs-3.jpg 720w\" sizes=\"auto, (max-width: 300px) 100vw, 300px\" \/><\/a> <a href=\"http:\/\/www.paroquiasaocristovao.net\/wp-content\/uploads\/2014\/07\/Ajs-4.jpg\"><img loading=\"lazy\" decoding=\"async\" class=\"alignnone size-medium wp-image-6980\" src=\"http:\/\/www.paroquiasaocristovao.net\/wp-content\/uploads\/2014\/07\/Ajs-4-300x225.jpg\" alt=\"Ajs 4\" width=\"300\" height=\"225\" srcset=\"https:\/\/www.paroquiasaocristovao.net\/wp-content\/uploads\/2014\/07\/Ajs-4-300x225.jpg 300w, https:\/\/www.paroquiasaocristovao.net\/wp-content\/uploads\/2014\/07\/Ajs-4-600x450.jpg 600w, https:\/\/www.paroquiasaocristovao.net\/wp-content\/uploads\/2014\/07\/Ajs-4-160x120.jpg 160w, https:\/\/www.paroquiasaocristovao.net\/wp-content\/uploads\/2014\/07\/Ajs-4.jpg 720w\" sizes=\"auto, (max-width: 300px) 100vw, 300px\" \/><\/a><\/span><\/p>\n<p>&nbsp;<\/p>\n<p>&nbsp;<\/p>\n","protected":false},"excerpt":{"rendered":"<p>No \u00faltimo domingo (27), nossos jovens se reuniram para o Encontr\u00e3o da AJS, organizado pelos assessores e conduzido pelo Padre Volnei .\u00a0Guiados pela palavra-chave &#8220;Doa\u00e7\u00e3o&#8221;, os jovens e adolescentes dos grupos ALEGRIA, ASSC, JUDAC e UPAS participaram de um quiz sobre Dom Bosco, din\u00e2micas e reflex\u00f5es sobre o tema proposto. Al\u00e9m disso, tamb\u00e9m avaliaram o [&hellip;]<\/p>\n","protected":false},"author":2,"featured_media":0,"comment_status":"closed","ping_status":"closed","sticky":false,"template":"","format":"standard","meta":{"footnotes":""},"categories":[47,40],"tags":[],"class_list":["post-6976","post","type-post","status-publish","format-standard","hentry","category-ajs","category-noticias"],"_links":{"self":[{"href":"https:\/\/www.paroquiasaocristovao.net\/index.php?rest_route=\/wp\/v2\/posts\/6976","targetHints":{"allow":["GET"]}}],"collection":[{"href":"https:\/\/www.paroquiasaocristovao.net\/index.php?rest_route=\/wp\/v2\/posts"}],"about":[{"href":"https:\/\/www.paroquiasaocristovao.net\/index.php?rest_route=\/wp\/v2\/types\/post"}],"author":[{"embeddable":true,"href":"https:\/\/www.paroquiasaocristovao.net\/index.php?rest_route=\/wp\/v2\/users\/2"}],"replies":[{"embeddable":true,"href":"https:\/\/www.paroquiasaocristovao.net\/index.php?rest_route=%2Fwp%2Fv2%2Fcomments&post=6976"}],"version-history":[{"count":1,"href":"https:\/\/www.paroquiasaocristovao.net\/index.php?rest_route=\/wp\/v2\/posts\/6976\/revisions"}],"predecessor-version":[{"id":6981,"href":"https:\/\/www.paroquiasaocristovao.net\/index.php?rest_route=\/wp\/v2\/posts\/6976\/revisions\/6981"}],"wp:attachment":[{"href":"https:\/\/www.paroquiasaocristovao.net\/index.php?rest_route=%2Fwp%2Fv2%2Fmedia&parent=6976"}],"wp:term":[{"taxonomy":"category","embeddable":true,"href":"https:\/\/www.paroquiasaocristovao.net\/index.php?rest_route=%2Fwp%2Fv2%2Fcategories&post=6976"},{"taxonomy":"post_tag","embeddable":true,"href":"https:\/\/www.paroquiasaocristovao.net\/index.php?rest_route=%2Fwp%2Fv2%2Ftags&post=6976"}],"curies":[{"name":"wp","href":"https:\/\/api.w.org\/{rel}","templated":true}]}}