{"id":6834,"date":"2014-07-12T22:00:35","date_gmt":"2014-07-13T01:00:35","guid":{"rendered":"http:\/\/www.paroquiasaocristovao.net\/?p=6834"},"modified":"2014-07-27T22:59:43","modified_gmt":"2014-07-28T01:59:43","slug":"programacao-da-festa-de-sao-cristovao-2014","status":"publish","type":"post","link":"https:\/\/www.paroquiasaocristovao.net\/?p=6834","title":{"rendered":"Programa\u00e7\u00e3o da Festa de S\u00e3o Crist\u00f3v\u00e3o \u2013 2014."},"content":{"rendered":"<h4>Inovando na homenagem ao nosso padroeiro S\u00e3o Crist\u00f3v\u00e3o, a programa\u00e7\u00e3o festiva conta com novidades como a carreata, a ben\u00e7\u00e3o das chaves e o Show de Pr\u00eamios que ser\u00e1 realizado uma semana antes da tradicional festa. Veja abaixo:<\/h4>\n<h6 style=\"text-align: center;\"><a href=\"http:\/\/www.paroquiasaocristovao.net\/wp-content\/uploads\/2014\/07\/programacao.jpg\"><img loading=\"lazy\" decoding=\"async\" class=\"aligncenter size-full wp-image-6839\" src=\"http:\/\/www.paroquiasaocristovao.net\/wp-content\/uploads\/2014\/07\/programacao.jpg\" alt=\"programacao\" width=\"800\" height=\"755\" srcset=\"https:\/\/www.paroquiasaocristovao.net\/wp-content\/uploads\/2014\/07\/programacao.jpg 800w, https:\/\/www.paroquiasaocristovao.net\/wp-content\/uploads\/2014\/07\/programacao-300x283.jpg 300w, https:\/\/www.paroquiasaocristovao.net\/wp-content\/uploads\/2014\/07\/programacao-600x566.jpg 600w\" sizes=\"auto, (max-width: 800px) 100vw, 800px\" \/><\/a>Obs. No domingo, 03\/08 n\u00e3o haver\u00e1 missa \u00e0s 7:30 e \u00e0s 19Hs.<\/h6>\n","protected":false},"excerpt":{"rendered":"<p>Inovando na homenagem ao nosso padroeiro S\u00e3o Crist\u00f3v\u00e3o, a programa\u00e7\u00e3o festiva conta com novidades como a carreata, a ben\u00e7\u00e3o das chaves e o Show de Pr\u00eamios que ser\u00e1 realizado uma semana antes da tradicional festa. Veja abaixo: Obs. No domingo, 03\/08 n\u00e3o haver\u00e1 missa \u00e0s 7:30 e \u00e0s 19Hs.<\/p>\n","protected":false},"author":18,"featured_media":0,"comment_status":"closed","ping_status":"closed","sticky":false,"template":"","format":"standard","meta":{"footnotes":""},"categories":[97,40],"tags":[],"class_list":["post-6834","post","type-post","status-publish","format-standard","hentry","category-festa-2015","category-noticias"],"_links":{"self":[{"href":"https:\/\/www.paroquiasaocristovao.net\/index.php?rest_route=\/wp\/v2\/posts\/6834","targetHints":{"allow":["GET"]}}],"collection":[{"href":"https:\/\/www.paroquiasaocristovao.net\/index.php?rest_route=\/wp\/v2\/posts"}],"about":[{"href":"https:\/\/www.paroquiasaocristovao.net\/index.php?rest_route=\/wp\/v2\/types\/post"}],"author":[{"embeddable":true,"href":"https:\/\/www.paroquiasaocristovao.net\/index.php?rest_route=\/wp\/v2\/users\/18"}],"replies":[{"embeddable":true,"href":"https:\/\/www.paroquiasaocristovao.net\/index.php?rest_route=%2Fwp%2Fv2%2Fcomments&post=6834"}],"version-history":[{"count":6,"href":"https:\/\/www.paroquiasaocristovao.net\/index.php?rest_route=\/wp\/v2\/posts\/6834\/revisions"}],"predecessor-version":[{"id":6960,"href":"https:\/\/www.paroquiasaocristovao.net\/index.php?rest_route=\/wp\/v2\/posts\/6834\/revisions\/6960"}],"wp:attachment":[{"href":"https:\/\/www.paroquiasaocristovao.net\/index.php?rest_route=%2Fwp%2Fv2%2Fmedia&parent=6834"}],"wp:term":[{"taxonomy":"category","embeddable":true,"href":"https:\/\/www.paroquiasaocristovao.net\/index.php?rest_route=%2Fwp%2Fv2%2Fcategories&post=6834"},{"taxonomy":"post_tag","embeddable":true,"href":"https:\/\/www.paroquiasaocristovao.net\/index.php?rest_route=%2Fwp%2Fv2%2Ftags&post=6834"}],"curies":[{"name":"wp","href":"https:\/\/api.w.org\/{rel}","templated":true}]}}