{"id":5923,"date":"2014-04-02T17:04:37","date_gmt":"2014-04-02T20:04:37","guid":{"rendered":"http:\/\/www.paroquiasaocristovao.net\/?p=5923"},"modified":"2016-03-31T23:27:39","modified_gmt":"2016-04-01T02:27:39","slug":"dizimistas-que-aniversariam-em-abril-2014","status":"publish","type":"post","link":"https:\/\/www.paroquiasaocristovao.net\/?p=5923","title":{"rendered":"Dizimistas que aniversariam em Abril \/ 2014"},"content":{"rendered":"<p>01 \u2013 Isaias Jos\u00e9 Salesbr\u00e3o; 2 \u2013\u00a0 Eufren Lapiunka, Jos\u00e9 Pestana de Gouveia, Maria de Lourdes Della Coleta Bertho,\u00a0 Val\u00e9ria Hoffmann Abrah\u00e3o; 4 \u2013 Darci Maria Silvestre Zanatta, Maria Silva da Costa, Neide Favaro Campos, Wilson Jer\u00f4nimo Vieira dos Santos; 5 \u2013 Jo\u00e3o Carlos Minozzo; 7 \u2013 Maria Aparecida Peters, Newton Santos do Nascimento, Odair Rodrigues da Silva; 8 \u2013 Danuzia Adamski Krug, Francisca de Meira Ferreira; 9 \u2013 Ant\u00f4nio S\u00e9rgio da Cruz, Claudete Visentin Zilneyk, Marcos Teodosio Bai; 10 \u2013 Ginuefa Hurmus Olekszechen, La Salete de Lima Ronchi, Lujan Borges da Silva, Vilmar Wagner Vieira; 11 \u2013 Daniel Olekzechen, Felipe Kosowski, Odete Lara Marques da Cunha,\u00a0 Zita Gavazoni Marquetti; 12 \u2013 Angela Maria Pereira M\u00fcller; 17 \u2013 Alceu Cez\u00e1rio Voichoski,\u00a0 Maria Costa; 18 \u2013\u00a0 Geni da Silva Gomes, Maria Jos\u00e9 Cordoni Almeida, Maria Lucia Correa; 19 \u2013 Indianara Benin, Ot\u00edlia Ribeiro Montefuego, Rog\u00e9rio Bona, Waldir Barotto Rodrigues; 20 \u2013 Maria Hurmus da Silva, Maria Wons Macohin, Marise Kreuz; 21 \u2013 Cec\u00edlia Blaskowski, Jorany Maria Rodrigues Monteiro; 22 \u2013 Maria Hilda Ladaninski, Veronica Zilneyk; 23 \u2013 Atan\u00e1sio Borges de Oliveira, Beatriz de Oliveira Nesello, Jo\u00e3o Xambelan Boganika, Oli Negrelle Moro Conke; 24 \u2013 Jos\u00e9 Genuca Estev\u00e3o, Milton Jo\u00e3o Betenheuser, Rubia Carla Barato Plocharski; 25 \u2013 Gildete Aparecida\u00a0 Hakim, Irineu Zanuzzo, Mauri Matias Paulo Junior, Rosana Maria Costa Moreira; 27 \u2013 Judite de Melo; 28 \u2013 Evaldo Barbosa, Euclides Trentini; 29 \u2013 Ana S. Betenheuser, Sueli Ferreira Martins; 30 \u2013 Jo\u00e3o Dario de Abreu Nogueira, Wilton Carlos Souza Barros.<\/p>\n<p style=\"text-align: center;\"><span style=\"color: #0000ff;\"><b>DOARAM\u00a0 O D\u00cdZIMO NO M\u00caS DE\u00a0 FEVEREIRO 258 DIZIMISTAS.<br \/>\n<\/b><b>NO VALOR DE R$ 17.505,00<\/b><\/span><\/p>\n<p>&nbsp;<\/p>\n","protected":false},"excerpt":{"rendered":"<p>01 \u2013 Isaias Jos\u00e9 Salesbr\u00e3o; 2 \u2013\u00a0 Eufren Lapiunka, Jos\u00e9 Pestana de Gouveia, Maria de Lourdes Della Coleta Bertho,\u00a0 Val\u00e9ria Hoffmann Abrah\u00e3o; 4 \u2013 Darci Maria Silvestre Zanatta, Maria Silva da Costa, Neide Favaro Campos, Wilson Jer\u00f4nimo Vieira dos Santos; 5 \u2013 Jo\u00e3o Carlos Minozzo; 7 \u2013 Maria Aparecida Peters, Newton Santos do Nascimento, Odair [&hellip;]<\/p>\n","protected":false},"author":18,"featured_media":0,"comment_status":"closed","ping_status":"closed","sticky":false,"template":"","format":"standard","meta":{"footnotes":""},"categories":[59,25],"tags":[],"class_list":["post-5923","post","type-post","status-publish","format-standard","hentry","category-aniversariantes-do-mes","category-pastoral-do-dizimo"],"_links":{"self":[{"href":"https:\/\/www.paroquiasaocristovao.net\/index.php?rest_route=\/wp\/v2\/posts\/5923","targetHints":{"allow":["GET"]}}],"collection":[{"href":"https:\/\/www.paroquiasaocristovao.net\/index.php?rest_route=\/wp\/v2\/posts"}],"about":[{"href":"https:\/\/www.paroquiasaocristovao.net\/index.php?rest_route=\/wp\/v2\/types\/post"}],"author":[{"embeddable":true,"href":"https:\/\/www.paroquiasaocristovao.net\/index.php?rest_route=\/wp\/v2\/users\/18"}],"replies":[{"embeddable":true,"href":"https:\/\/www.paroquiasaocristovao.net\/index.php?rest_route=%2Fwp%2Fv2%2Fcomments&post=5923"}],"version-history":[{"count":3,"href":"https:\/\/www.paroquiasaocristovao.net\/index.php?rest_route=\/wp\/v2\/posts\/5923\/revisions"}],"predecessor-version":[{"id":10252,"href":"https:\/\/www.paroquiasaocristovao.net\/index.php?rest_route=\/wp\/v2\/posts\/5923\/revisions\/10252"}],"wp:attachment":[{"href":"https:\/\/www.paroquiasaocristovao.net\/index.php?rest_route=%2Fwp%2Fv2%2Fmedia&parent=5923"}],"wp:term":[{"taxonomy":"category","embeddable":true,"href":"https:\/\/www.paroquiasaocristovao.net\/index.php?rest_route=%2Fwp%2Fv2%2Fcategories&post=5923"},{"taxonomy":"post_tag","embeddable":true,"href":"https:\/\/www.paroquiasaocristovao.net\/index.php?rest_route=%2Fwp%2Fv2%2Ftags&post=5923"}],"curies":[{"name":"wp","href":"https:\/\/api.w.org\/{rel}","templated":true}]}}