{"id":5494,"date":"2014-01-05T20:50:26","date_gmt":"2014-01-05T22:50:26","guid":{"rendered":"http:\/\/www.paroquiasaocristovao.net\/?p=5494"},"modified":"2014-01-05T21:13:32","modified_gmt":"2014-01-05T23:13:32","slug":"epifania-2014","status":"publish","type":"post","link":"https:\/\/www.paroquiasaocristovao.net\/?p=5494","title":{"rendered":"Epifania \u2013 2014"},"content":{"rendered":"<p><b><img loading=\"lazy\" decoding=\"async\" class=\"alignleft size-full wp-image-5495\" alt=\"epifania\" src=\"http:\/\/www.paroquiasaocristovao.net\/wp-content\/uploads\/2014\/01\/epifania.jpg\" width=\"320\" height=\"223\" srcset=\"https:\/\/www.paroquiasaocristovao.net\/wp-content\/uploads\/2014\/01\/epifania.jpg 320w, https:\/\/www.paroquiasaocristovao.net\/wp-content\/uploads\/2014\/01\/epifania-300x209.jpg 300w\" sizes=\"auto, (max-width: 320px) 100vw, 320px\" \/>Celebramos hoje a Liturgia da Epifania do Senhor:<\/b><strong><span style=\"color: #0000ff;\"> <span style=\"text-decoration: underline;\">\u00e9 a manifesta\u00e7\u00e3o do Senhor<\/span>.<\/span><\/strong><\/p>\n<p><b>\u00c9 a manifesta\u00e7\u00e3o de Jesus como Filho de Deus, ao mundo, representado\u00a0 pelos Reis Magos.<\/b><\/p>\n<p><b>\u00c9 a manifesta\u00e7\u00e3o\u00a0 da salva\u00e7\u00e3o trazida por Jesus para todos os povos.<\/b><\/p>\n<p><span style=\"color: #ff0000;\"><b>Na festa da Epifania entra a Hist\u00f3ria dos Reis Magos.\u00a0<\/b><\/span><span style=\"color: #ff0000;\"><b>Eram 3: Gaspar, Melchior e Baltazer.\u00a0<\/b><\/span><span style=\"color: #ff0000;\"><b>Vinham da \u00c1frica ( Negro ), da \u00c1sia ( Amarelo ) e da Europa ( Branco ).<\/b><\/span><\/p>\n<p><span style=\"color: #ff0000;\"><b>Guiados por uma estrela chegam a Bel\u00e9m.\u00a0<\/b><\/span><span style=\"color: #ff0000;\"><b>L\u00e1 encontram o Menino Jesus<\/b><b>.<\/b><\/span><\/p>\n<p><b>Eles s\u00e3o a figura da Igreja, formada\u00a0 por povos de todas as ra\u00e7as, l\u00ednguas e na\u00e7\u00f5es.\u00a0<\/b><\/p>\n<p><b>Hoje, como no tempo de Jesus diante da estrela os povos tomam posi\u00e7\u00f5es diferentes. \u00a0<\/b><\/p>\n<p><b><\/b><em id=\"__mceDel\"><b>H\u00e1, (povos) como os Magos, \u00a0que se ajoelham e reconhecem no Cristo a Luz do Mundo e O seguem.<\/b><\/em><\/p>\n<p><b>H\u00e1 outros que permanecem indiferentes diante dele&#8230;<\/b><\/p>\n<p><b>H\u00e1 outros que procuram apagar esta luz. <\/b><\/p>\n<p><span style=\"color: #ff0000;\"><b>Na verdade todos contemplam a mesma verdade: um Menino rec\u00e9m-nascido.<\/b><\/span><\/p>\n<p><b>As escolhas continuam diferentes.<\/b><\/p>\n<p><b>Como reconhec\u00ea-lo?<\/b><\/p>\n<p><b>Deixar-se iluminar, de cora\u00e7\u00e3o e mente aberta, pela Palavra de Deus que fala dele.<\/b><\/p>\n<p><b>Afirmar: a presen\u00e7a de Deus neste mundo \u00e9 motivo\u00a0 de uma grande reuni\u00e3o.<\/b><\/p>\n<p><b>Todos os teus filhos e filhas chegam de longe.<\/b><\/p>\n<p><b>Os Reis Magos simbolizam toda a humanidade que vem de longe at\u00e9 os p\u00e9s\u00a0 de Cristo, reconhecendo-o como\u00a0 o Filho de Deus.<\/b><\/p>\n<p><span style=\"color: #ff0000;\"><b>Para encontr\u00e1-lo \u00e9 preciso busc\u00e1-lo.<\/b><\/span><\/p>\n<p><span style=\"color: #ff0000;\"><b>Busc\u00e1-lo saindo do como<\/b><b>dismo<\/b><b>.<\/b><\/span><\/p>\n<p><b>A festa da Epifania \u00e9 um convite a fazermos de novo o caminho\u00a0 dos Magos e buscar o Salvador.<\/b><\/p>\n<p><b>Precisamos enfrentar\u00a0 as noites da vida e da alma, os desejos e d\u00favidas, as esperan\u00e7as e as incertezas, guiados\u00a0 por uma estrela que aparece e desaparece.<\/b><\/p>\n<p><b>Oferecer OURO<\/b><b>: significa a realiza de\u00a0 Cristo. Oferecer o que cada um tem.<\/b><\/p>\n<p><b>Oferecer INCENSO<\/b><b>: significa a divindade de Cristo: Jesus \u00e9 Rei. Oferecer \u00a0o que cada pessoa deseja.<\/b><\/p>\n<p><b>Oferecer MIRRA<\/b><b>: Significa\u00a0 ungido\u00a0 como Cristo de Deus.o que cada pessoa \u00e9.<\/b><\/p>\n<p><b>Jesus \u00e9 LUZ que atrai.<\/b><\/p>\n<p><span style=\"color: #000000;\"><b>Isa\u00edas<\/b><\/span><b>\u00a0fala da Luz que chegou. \u00c9 Luz que atrai e arrasta.<\/b><\/p>\n<p><b>Com a vinda\u00a0 de Cristo ao mudo as fronteiras se abrem para a Palavra de Deus.<\/b><\/p>\n<p><span style=\"color: #ff6600;\"><b>\u00a0\u00a0\u00a0\u00a0\u00a0\u00a0\u00a0\u00a0\u00a0\u00a0\u00a0 <span style=\"color: #800000;\">Onde est\u00e1 o Cristo?<\/span><\/b><\/span><\/p>\n<p><b>\u00a0\u00a0\u00a0\u00a0\u00a0\u00a0\u00a0\u00a0\u00a0\u00a0\u00a0<span style=\"color: #800000;\"> Onde Ele mora?<\/span><\/b><\/p>\n<p><b>\u00a0\u00a0\u00a0\u00a0\u00a0\u00a0\u00a0\u00a0\u00a0\u00a0\u00a0 <span style=\"color: #800000;\">Algu\u00e9m ouviu falar dele?<\/span><\/b><\/p>\n<p><b>Os Magos partem em procura daquilo que a estrela indica.<\/b><\/p>\n<p><b>A busca de Deus requer\u00a0 procura, trabalho, estudo, paci\u00eancia, coragem&#8230;<\/b><\/p>\n<p><b>Nossa miss\u00e3o n\u00e3o termina quando encontramos o Cristo, mas quando vivemos e testemunhamos o encontro: e o melhor encontro \u2013 na Palavra de Deus e na Eucaristia.<\/b><\/p>\n<p><span style=\"color: #ff0000;\"><b><span style=\"text-decoration: underline;\">Cristo nasceu para salvar toda a humanidade. Epifania \u00e9 dinamismo.<\/span><\/b><\/span><\/p>\n<p><span style=\"color: #ff0000;\"><b><span style=\"text-decoration: underline;\">Cada um \u00a0de n\u00f3s foi escolhido no meio do povo e agora somos enviados anunciar\u00a0 o Reino de Deus: somos disc\u00edpulos mission\u00e1rios de Jesus Cristo. <\/span><\/b><\/span><\/p>\n<p><span style=\"color: #ff0000;\"><b><span style=\"text-decoration: underline;\">Somos enviados a ser LUZ. Luz vem da f\u00e9. Cremos que Jesus \u00e9 o Salvador.<\/span><\/b><\/span><\/p>\n<p>P. Adriano Cemim<\/p>\n","protected":false},"excerpt":{"rendered":"<p>Celebramos hoje a Liturgia da Epifania do Senhor: \u00e9 a manifesta\u00e7\u00e3o do Senhor. \u00c9 a manifesta\u00e7\u00e3o de Jesus como Filho de Deus, ao mundo, representado\u00a0 pelos Reis Magos. \u00c9 a manifesta\u00e7\u00e3o\u00a0 da salva\u00e7\u00e3o trazida por Jesus para todos os povos. Na festa da Epifania entra a Hist\u00f3ria dos Reis Magos.\u00a0Eram 3: Gaspar, Melchior e Baltazer.\u00a0Vinham [&hellip;]<\/p>\n","protected":false},"author":18,"featured_media":0,"comment_status":"closed","ping_status":"closed","sticky":false,"template":"","format":"standard","meta":{"footnotes":""},"categories":[46],"tags":[],"class_list":["post-5494","post","type-post","status-publish","format-standard","hentry","category-paroco"],"_links":{"self":[{"href":"https:\/\/www.paroquiasaocristovao.net\/index.php?rest_route=\/wp\/v2\/posts\/5494","targetHints":{"allow":["GET"]}}],"collection":[{"href":"https:\/\/www.paroquiasaocristovao.net\/index.php?rest_route=\/wp\/v2\/posts"}],"about":[{"href":"https:\/\/www.paroquiasaocristovao.net\/index.php?rest_route=\/wp\/v2\/types\/post"}],"author":[{"embeddable":true,"href":"https:\/\/www.paroquiasaocristovao.net\/index.php?rest_route=\/wp\/v2\/users\/18"}],"replies":[{"embeddable":true,"href":"https:\/\/www.paroquiasaocristovao.net\/index.php?rest_route=%2Fwp%2Fv2%2Fcomments&post=5494"}],"version-history":[{"count":11,"href":"https:\/\/www.paroquiasaocristovao.net\/index.php?rest_route=\/wp\/v2\/posts\/5494\/revisions"}],"predecessor-version":[{"id":5498,"href":"https:\/\/www.paroquiasaocristovao.net\/index.php?rest_route=\/wp\/v2\/posts\/5494\/revisions\/5498"}],"wp:attachment":[{"href":"https:\/\/www.paroquiasaocristovao.net\/index.php?rest_route=%2Fwp%2Fv2%2Fmedia&parent=5494"}],"wp:term":[{"taxonomy":"category","embeddable":true,"href":"https:\/\/www.paroquiasaocristovao.net\/index.php?rest_route=%2Fwp%2Fv2%2Fcategories&post=5494"},{"taxonomy":"post_tag","embeddable":true,"href":"https:\/\/www.paroquiasaocristovao.net\/index.php?rest_route=%2Fwp%2Fv2%2Ftags&post=5494"}],"curies":[{"name":"wp","href":"https:\/\/api.w.org\/{rel}","templated":true}]}}