{"id":5224,"date":"2013-12-05T22:04:40","date_gmt":"2013-12-06T00:04:40","guid":{"rendered":"http:\/\/www.paroquiasaocristovao.net\/?p=5224"},"modified":"2014-06-14T17:18:20","modified_gmt":"2014-06-14T20:18:20","slug":"novo-documento-do-papa-francisco","status":"publish","type":"post","link":"https:\/\/www.paroquiasaocristovao.net\/?p=5224","title":{"rendered":"Novo Documento do Papa Francisco"},"content":{"rendered":"<p dir=\"ltr\">No primeiro documento de seu pr\u00f3prio punho apresentado esta semana, o Papa Francisco explica seu projeto para o futuro da Igreja, denunciando a guerra pelo poder dentro dos muros da Santa S\u00e9.<\/p>\n<p dir=\"ltr\">\u201cDesejo dirigir-me aos fi\u00e9is crist\u00e3os para convid\u00e1-los a uma nova etapa de evangeliza\u00e7\u00e3o marcada por esta alegria e indica dire\u00e7\u00f5es para o caminho da Igreja nos pr\u00f3ximos anos\u201d, escreveu em sua Exorta\u00e7\u00e3o Apost\u00f3lica rec\u00e9m publicada, o Evangelii Gaudium do Santo Padre Francisco aos Bispos, Presb\u00edteros, Di\u00e1conos \u00e0s pessoas consagradas e aos fi\u00e9is laicos sobre o An\u00fancio do Evangelho no Mundo Atual. \u201c\u00c9 uma nova evangeliza\u00e7\u00e3o no mundo de hoje, insistindo nos aspectos positivos e otimismo\u201d, explicou o cardeal Rino Fisichella, presidente do Conselho Pontifical para a Nova Evangeliza\u00e7\u00e3o e que admite que o papa \u00e9 \u201cfranco\u201d. \u201cO centro \u00e9 o amor\u201d, insistiu. \u201cSem isso, a Igreja \u00e9 um castelo de cartas \u00a0e isso \u00e9 o nosso maior perigo\u201d, declarou.<\/p>\n<p dir=\"ltr\">Em seu texto, Francisco apela \u00e0 Igreja a \u201crecuperar o frescor original do Evangelho\u201d, mas encontrando \u201cnovas formas\u201d e \u201cm\u00e9todos criativos\u201d. \u201cPrecisamos de uma convers\u00e3o pastoral e mission\u00e1ria, que n\u00e3o pode deixar as coisas como elas s\u00e3o.&#8221;<\/p>\n<p dir=\"ltr\">Uma parte central de seu trabalho ser\u00e1 o de \u201creformar as estruturas eclesiais\u201d para que \u201ctodas se tornem mais mission\u00e1rias\u201d.<\/p>\n<p dir=\"ltr\">O recado \u00e9 claro: promover uma \u201csaud\u00e1vel descentraliza\u00e7\u00e3o\u201d na Igreja, num gesto in\u00e9dito vindo justamente da pessoa que representou por s\u00e9culos a centraliza\u00e7\u00e3o da institui\u00e7\u00e3o e sempre lutou contra repartir poderes. A esperan\u00e7a \u00e9 de que as confer\u00eancias episcopais possam contribuir para \u201co sentido de colegialidade\u201d.<\/p>\n<p dir=\"ltr\">A descentraliza\u00e7\u00e3o apontaria at\u00e9 mesmo para a abertura de espa\u00e7os para diferentes formas de praticar o catolicismo. \u201cO cristianismo n\u00e3o disp\u00f5e de um \u00fanico modelo cultural e o rosto da Igreja \u00e9 multiforme\u201d, escreveu. \u201cN\u00e3o podemos esperar que todos os povos, para expressar a f\u00e9 crist\u00e3, tenham de imitar as modalidades adotadas pelos povos europeus num determinado momento da hist\u00f3ria\u201d. Para o papa, te\u00f3logos precisam ter em mente \u201ca finalidade evangelizadora da Igreja\u201d.<\/p>\n<p dir=\"ltr\">Nem o pr\u00f3prio papa estaria isento da reforma. Sua meta \u00e9 a de promover uma \u201cconvers\u00e3o do papado para que seja mais fiel ao significado que Jesus Cristo lhe quis dar e \u00e0s necessidades atuais da evangeliza\u00e7\u00e3o\u201d.<\/p>\n<p dir=\"ltr\">A burocracia e a aristocracia da Santa S\u00e9 tamb\u00e9m precisa ser revista. \u201cNesta renova\u00e7\u00e3o n\u00e3o se deve ter medo de rever costumes da Igreja n\u00e3o diretamente ligados ao n\u00facleo do Evangelho, alguns dos mais profundamente enraizados ao longo da hist\u00f3ria\u201d.<\/p>\n<p>Bergoglio insiste que prefere \u201cuma igreja ferida e suja por ter sa\u00eddo \u00e0s estradas, em vez de uma igreja preocupada em ser o centro e que acaba prisioneiras num emaranhado de obsess\u00f5es e procedimentos\u201d.<\/p>\n<p>O Documento completo est\u00e1 dispon\u00edvel no nosso site para leitura, em formato PDF, Veja aqui:<\/p>\n<p><a href=\"http:\/\/www.paroquiasaocristovao.net\/wp-content\/uploads\/2013\/12\/EVANGELII-GAUDIUM.pdf\">EVANGELII GAUDIUM<\/a><\/p>\n","protected":false},"excerpt":{"rendered":"<p>No primeiro documento de seu pr\u00f3prio punho apresentado esta semana, o Papa Francisco explica seu projeto para o futuro da Igreja, denunciando a guerra pelo poder dentro dos muros da Santa S\u00e9. \u201cDesejo dirigir-me aos fi\u00e9is crist\u00e3os para convid\u00e1-los a uma nova etapa de evangeliza\u00e7\u00e3o marcada por esta alegria e indica dire\u00e7\u00f5es para o caminho [&hellip;]<\/p>\n","protected":false},"author":2,"featured_media":0,"comment_status":"closed","ping_status":"closed","sticky":false,"template":"","format":"standard","meta":{"footnotes":""},"categories":[87,40,95],"tags":[],"class_list":["post-5224","post","type-post","status-publish","format-standard","hentry","category-mensagens-do-papa","category-noticias","category-papa"],"_links":{"self":[{"href":"https:\/\/www.paroquiasaocristovao.net\/index.php?rest_route=\/wp\/v2\/posts\/5224","targetHints":{"allow":["GET"]}}],"collection":[{"href":"https:\/\/www.paroquiasaocristovao.net\/index.php?rest_route=\/wp\/v2\/posts"}],"about":[{"href":"https:\/\/www.paroquiasaocristovao.net\/index.php?rest_route=\/wp\/v2\/types\/post"}],"author":[{"embeddable":true,"href":"https:\/\/www.paroquiasaocristovao.net\/index.php?rest_route=\/wp\/v2\/users\/2"}],"replies":[{"embeddable":true,"href":"https:\/\/www.paroquiasaocristovao.net\/index.php?rest_route=%2Fwp%2Fv2%2Fcomments&post=5224"}],"version-history":[{"count":3,"href":"https:\/\/www.paroquiasaocristovao.net\/index.php?rest_route=\/wp\/v2\/posts\/5224\/revisions"}],"predecessor-version":[{"id":6602,"href":"https:\/\/www.paroquiasaocristovao.net\/index.php?rest_route=\/wp\/v2\/posts\/5224\/revisions\/6602"}],"wp:attachment":[{"href":"https:\/\/www.paroquiasaocristovao.net\/index.php?rest_route=%2Fwp%2Fv2%2Fmedia&parent=5224"}],"wp:term":[{"taxonomy":"category","embeddable":true,"href":"https:\/\/www.paroquiasaocristovao.net\/index.php?rest_route=%2Fwp%2Fv2%2Fcategories&post=5224"},{"taxonomy":"post_tag","embeddable":true,"href":"https:\/\/www.paroquiasaocristovao.net\/index.php?rest_route=%2Fwp%2Fv2%2Ftags&post=5224"}],"curies":[{"name":"wp","href":"https:\/\/api.w.org\/{rel}","templated":true}]}}