{"id":5221,"date":"2013-12-05T21:44:58","date_gmt":"2013-12-05T23:44:58","guid":{"rendered":"http:\/\/www.paroquiasaocristovao.net\/?p=5221"},"modified":"2013-12-05T21:44:58","modified_gmt":"2013-12-05T23:44:58","slug":"voluntariado-a-forca-da-pastoral-da-crianca","status":"publish","type":"post","link":"https:\/\/www.paroquiasaocristovao.net\/?p=5221","title":{"rendered":"Voluntariado: a for\u00e7a da Pastoral da Crian\u00e7a"},"content":{"rendered":"<p>A Pastoral da Crian\u00e7a \u00e9 uma grande rede de voluntariado, e o reconhecimento desse trabalho \u00e9 ter um dia dedicado \u00e0 todos que contribuem para a melhoria da qualidade de vida das gestantes, crian\u00e7as e fam\u00edlias brasileiras.<strong>\u00a0O dia 05 de dezembro, Dia da Pastoral da Crian\u00e7a,<\/strong>\u00a0\u00e9 o momento de celebrar e agradecer a todos que se dedicam \u00e0 Pastoral da Crian\u00e7a . Essa rede se espalha por milhares de comunidades em todo o Brasil. Aqui voc\u00ea vai ficar sabendo como ser um volunt\u00e1rio da Pastoral da Crian\u00e7a, como atuam esses volunt\u00e1rios e o quanto a presen\u00e7a deles mudou e est\u00e1 mudando a realidade brasileira.<\/p>\n<h2>Dia internacional do voluntariado:<\/h2>\n<p><img loading=\"lazy\" decoding=\"async\" alt=\"voluntariado-corporativo-e-mobilizacao-social\" src=\"http:\/\/www.pastoraldacrianca.org.br\/images\/temas\/voluntariado\/voluntariado-corporativo-e-mobilizacao-social.jpg\" width=\"500\" height=\"376\" \/><\/p>\n<p>Esta data foi criada pelas Na\u00e7\u00f5es Unidas em 1985 para incentivar e valorizar o servi\u00e7o volunt\u00e1rio em todo mundo. Nos pa\u00edses os volunt\u00e1rios atuam em \u00e1reas de guerra, salas de aula, em hospitais e casas \u2013 lugares em dificuldade \u00e0 procura de uma m\u00e3o amiga. Muitos ajudam mesmo sem estar presentes, por meio da internet fazem campanhas de ajuda ou simplesmente oferecem uma palavra de apoio.<\/p>\n<p>O volunt\u00e1rio \u00e9 compromissado com a causa na qual acredita. Trabalha com amor, organiza-se com outros volunt\u00e1rios e luta para que a sociedade tenha menos sofrimento e mais justi\u00e7a social. A Lei do Voluntariado n\u00ba 9.608, de 18 de fevereiro de 1998, considera o servi\u00e7o volunt\u00e1rio como \u201catividade n\u00e3o remunerada, prestada por pessoa f\u00edsica a entidade p\u00fablica de qualquer natureza ou institui\u00e7\u00e3o privada de fins n\u00e3o lucrativos, que tenha objetivos c\u00edvicos culturais, educacionais, cient\u00edficos, recreativos ou de assist\u00eancia social, inclusive, mutualidade\u201d.<\/p>\n<h3>A Pastoral da Crian\u00e7a \u00e9 uma rede de volunt\u00e1rios. Por isso, ganhou at\u00e9 uma data especial, o 05 de dezembro, os\u00a0l\u00edderes volunt\u00e1rios s\u00e3o a grande for\u00e7a que move a Pastoral da Crian\u00e7a. Eles s\u00e3o os nossos grandes homenageados.<\/h3>\n<p>Gra\u00e7as \u00e0 dedica\u00e7\u00e3o de cada volunt\u00e1rio e colaborador da Pastoral da Crian\u00e7a, a hist\u00f3ria do Brasil nos \u00faltimos 30 anos\u00a0foi marcada pela vit\u00f3ria da vida contra a morte precoce de crian\u00e7as e gestantes. Outros ganhos foram alcan\u00e7ados nas comunidades. Est\u00e3o mais organizadas, esclarecidas e mais fortes.<\/p>\n<p>Estes ingredientes de sucesso, que a Pastoral da Crian\u00e7a levou para milhares de cidades, nos conduzem para um novo desafio: avan\u00e7armos ainda mais na constru\u00e7\u00e3o de melhorias para as fam\u00edlias e nos servi\u00e7os p\u00fablicos para a crian\u00e7a se desenvolver com sa\u00fade, paz e oportunidades para brincar e estudar. Para isso, precisamos conquistar mais volunt\u00e1rios.\u00a0A Pastoral da Crian\u00e7a est\u00e1 aberta para receber outros volunt\u00e1rios, nas comunidades, que querem conhecer melhor o Dia da Celebra\u00e7\u00e3o da Vida, a visita domiciliar e outras a\u00e7\u00f5es e experi\u00eancias da Pastoral da Crian\u00e7a.<\/p>\n<p>Veja abaixo uma entrevista ao programa de R\u00e1dio\u00a0Viva a Vida da Pastoral da Crian\u00e7a.<\/p>\n<h3>O que faz um volunt\u00e1rio da Pastoral da Crian\u00e7a?<\/h3>\n<p>O<span style=\"color: #000000;\">\u00a0<span style=\"color: #000000;\">volunt\u00e1rio pode ser um l\u00edder comunit\u00e1rio<\/span><\/span>,que acompanha em m\u00e9dia 12 fam\u00edlias da vizinhan\u00e7a, com orienta\u00e7\u00f5es sobre a sa\u00fade da gestante e da crian\u00e7a, desenvolvimento infantil, cidadania (direitos e deveres) e participa\u00e7\u00e3o nos conselhos sa\u00fade, direitos da crian\u00e7a, seguran\u00e7a alimentar. Todos os meses os l\u00edderes visitam as fam\u00edlias para ver como est\u00e3o as crian\u00e7as menores de 6 anos, e fazem uma celebra\u00e7\u00e3o da vida com as crian\u00e7as acompanhadas da comunidade, com brinquedos e brincadeiras e atividades com as gestantes. Eles tamb\u00e9m realizam uma reuni\u00e3o de reflex\u00e3o e avalia\u00e7\u00e3o para discutir os assuntos da comunidade.<\/p>\n<p>Os volunt\u00e1rios de apoio colaboram com estas atividades dos l\u00edderes, especialmente no dia da celebra\u00e7\u00e3o da vida, com o preparo de um lanche para as crian\u00e7as e como brincadores.<\/p>\n<p>Sabemos que as pessoas disp\u00f5em de menos tempo para ser volunt\u00e1rio hoje em dia, especialmente nas cidades. Al\u00e9m de cuidar da fam\u00edlia em casa \u00e9 preciso trabalhar fora. Sobra somente o final de semana. Converse em casa sobre este assunto. Descubra como se envolver com os l\u00edderes da Pastoral da Crian\u00e7a, de acordo com a realidade de sua comunidade.<\/p>\n<p>No dia do volunt\u00e1rio queremos agradecer todos os l\u00edderes volunt\u00e1rios por visitar as fam\u00edlias e olhar para que as crian\u00e7as cres\u00e7am com sa\u00fade. Voc\u00eas s\u00e3o dignos da confian\u00e7a das pessoas para ouvir, aconselhar, instruir. O amor e a dedica\u00e7\u00e3o de cada l\u00edder nos faz acreditar que podemos transformar a fam\u00edlia e a comunidade em um lugar ideal para a crian\u00e7a nascer e ser feliz.<\/p>\n<h3>Qualquer pessoa pode ser volunt\u00e1ria da Pastoral da Crian\u00e7a ou precisa ter uma qualifica\u00e7\u00e3o especial?<\/h3>\n<p>Para se tornar l\u00edder \u00e9 preciso fazer um curso oferecido pela Pastoral da Crian\u00e7a sobre sa\u00fade e desenvolvimento da crian\u00e7a. Enquanto faz o curso o volunt\u00e1rio conhece mais sobre o trabalho e ajuda como apoio da Pastoral da Crian\u00e7a.<\/p>\n<p>Existem tamb\u00e9m volunt\u00e1rios para outras a\u00e7\u00f5es como capacitadores, conselheiros,\u00a0articuladores,\u00a0brinquedistas,\u00a0colaboradores das\u00a0hortas dom\u00e9sticas\u00a0e\u00a0comunicadores populares.<\/p>\n<p>O trabalho volunt\u00e1rio traz melhores resultados quando os servi\u00e7os p\u00fablicos funcionam bem, com acesso e qualidade. A participa\u00e7\u00e3o da comunidade nos conselhos de pol\u00edticas p\u00fablicas amplia as conquistas da Pastoral da Crian\u00e7a. Os volunt\u00e1rios da Pastoral da Crian\u00e7a que atuam como Articuladores junto ao Conselho Municipal de Sa\u00fade t\u00eam a miss\u00e3o de prevenir a mortalidade infantil e melhorar o acesso aos servi\u00e7os de sa\u00fade.<\/p>\n<h3>Na sua opini\u00e3o, o que motiva uma pessoa a ser volunt\u00e1ria da Pastoral da Crian\u00e7a?<\/h3>\n<p>O desejo de ajudar outras pessoas permeia a vida dos volunt\u00e1rios.\u00a0Ser volunt\u00e1rio na Pastoral da Crian\u00e7a significa:<\/p>\n<p>* fazer parte da<a href=\"http:\/\/www.pastoraldacrianca.org.br\/pt\/component\/content\/article\/133-quem-somos\/2426-missao-da-pastoral-da-crianca\" target=\"_blank\">\u00a0<\/a>Miss\u00e3o da Pastoral da Crian\u00e7a;<\/p>\n<p>* servir com amor e dedica\u00e7\u00e3o a crian\u00e7a e as fam\u00edlias mais pobres;<\/p>\n<p>* ter compromisso Crist\u00e3o a servi\u00e7o da vida e da esperan\u00e7a e da paz;<\/p>\n<p>* lutar para que todas as crian\u00e7as tenham vida e a tenham em abund\u00e2ncia;<\/p>\n<p>* conhecer e participar das a\u00e7\u00f5es b\u00e1sicas de sa\u00fade,\u00a0nutri\u00e7\u00e3o, educa\u00e7\u00e3o e cidadania;<\/p>\n<p>* vivenciar a espiritualidade da Pastoral da Crian\u00e7a que une F\u00e9 e Vida;<\/p>\n<p>* participar da organiza\u00e7\u00e3o da comunidade;<\/p>\n<p>* atuar na preven\u00e7\u00e3o das causas da\u00a0mortalidade infantil\u00a0e da viol\u00eancia;<\/p>\n<p>* estar comprometido com mudan\u00e7as sociais.<\/p>\n<p>A dedica\u00e7\u00e3o dos volunt\u00e1rios da Pastoral da Crian\u00e7a ajudou a produzir no Brasil uma mudan\u00e7a de mentalidade sobre os cuidados com a crian\u00e7a. As comunidades descobriram a sua for\u00e7a transformadora. Milhares de pessoas se sentem valorizadas onde vivem, sabem dialogar, assumem compromissos para melhorar a realidade em que vivem, fazem hist\u00f3ria e contribuem para a continuidade da hist\u00f3ria.<\/p>\n<h3>Como se tornar um volunt\u00e1rio da Pastoral da Crian\u00e7a?<\/h3>\n<p>Os volunt\u00e1rios da Pastoral da Crian\u00e7a desenvolvem a\u00e7\u00f5es de sa\u00fade, nutri\u00e7\u00e3o, educa\u00e7\u00e3o, cidadania e espiritualidade de forma ecum\u00eanica nas comunidades pobres. As atividades visam promover o desenvolvimento integral das crian\u00e7as, desde a concep\u00e7\u00e3o aos seis anos de idade, e a melhoria da qualidade de vida das fam\u00edlias.<\/p>\n<p>Informe-se nas par\u00f3quias das Igrejas e entre em contato com a coordena\u00e7\u00e3o da Pastoral da Crian\u00e7a na sua cidade. Endere\u00e7os e telefones tamb\u00e9m est\u00e3o dispon\u00edveis na Internet, no\u00a0<a href=\"http:\/\/www.pastoraldacrianca.org.br\/pt\/na-comunidade\" target=\"_blank\">site da Pastoral da Crian\u00e7a<\/a>.<\/p>\n<p>&nbsp;<\/p>\n<p>Entrevista retirada do programa \u00a0Viva a Vida da Pastoral da Crian\u00e7a.<\/p>\n","protected":false},"excerpt":{"rendered":"<p>A Pastoral da Crian\u00e7a \u00e9 uma grande rede de voluntariado, e o reconhecimento desse trabalho \u00e9 ter um dia dedicado \u00e0 todos que contribuem para a melhoria da qualidade de vida das gestantes, crian\u00e7as e fam\u00edlias brasileiras.\u00a0O dia 05 de dezembro, Dia da Pastoral da Crian\u00e7a,\u00a0\u00e9 o momento de celebrar e agradecer a todos que [&hellip;]<\/p>\n","protected":false},"author":2,"featured_media":0,"comment_status":"closed","ping_status":"closed","sticky":false,"template":"","format":"standard","meta":{"footnotes":""},"categories":[40,24],"tags":[],"class_list":["post-5221","post","type-post","status-publish","format-standard","hentry","category-noticias","category-pastoral-da-crianca"],"_links":{"self":[{"href":"https:\/\/www.paroquiasaocristovao.net\/index.php?rest_route=\/wp\/v2\/posts\/5221","targetHints":{"allow":["GET"]}}],"collection":[{"href":"https:\/\/www.paroquiasaocristovao.net\/index.php?rest_route=\/wp\/v2\/posts"}],"about":[{"href":"https:\/\/www.paroquiasaocristovao.net\/index.php?rest_route=\/wp\/v2\/types\/post"}],"author":[{"embeddable":true,"href":"https:\/\/www.paroquiasaocristovao.net\/index.php?rest_route=\/wp\/v2\/users\/2"}],"replies":[{"embeddable":true,"href":"https:\/\/www.paroquiasaocristovao.net\/index.php?rest_route=%2Fwp%2Fv2%2Fcomments&post=5221"}],"version-history":[{"count":2,"href":"https:\/\/www.paroquiasaocristovao.net\/index.php?rest_route=\/wp\/v2\/posts\/5221\/revisions"}],"predecessor-version":[{"id":5223,"href":"https:\/\/www.paroquiasaocristovao.net\/index.php?rest_route=\/wp\/v2\/posts\/5221\/revisions\/5223"}],"wp:attachment":[{"href":"https:\/\/www.paroquiasaocristovao.net\/index.php?rest_route=%2Fwp%2Fv2%2Fmedia&parent=5221"}],"wp:term":[{"taxonomy":"category","embeddable":true,"href":"https:\/\/www.paroquiasaocristovao.net\/index.php?rest_route=%2Fwp%2Fv2%2Fcategories&post=5221"},{"taxonomy":"post_tag","embeddable":true,"href":"https:\/\/www.paroquiasaocristovao.net\/index.php?rest_route=%2Fwp%2Fv2%2Ftags&post=5221"}],"curies":[{"name":"wp","href":"https:\/\/api.w.org\/{rel}","templated":true}]}}