{"id":4793,"date":"2013-09-29T12:47:59","date_gmt":"2013-09-29T15:47:59","guid":{"rendered":"http:\/\/www.paroquiasaocristovao.net\/?p=4793"},"modified":"2013-09-29T12:47:59","modified_gmt":"2013-09-29T15:47:59","slug":"ata-no-186-da-reuniao-da-equipe-de-liturgia","status":"publish","type":"post","link":"https:\/\/www.paroquiasaocristovao.net\/?p=4793","title":{"rendered":"ATA N\u00ba. 186 DA REUNI\u00c3O DA EQUIPE DE LITURGIA"},"content":{"rendered":"<p style=\"text-align: justify;\" align=\"center\">Aos vinte e seis dias do m\u00eas de setembro de 2013, \u00e0s vinte horas, na sala de reuni\u00f5es da par\u00f3quia, foi realizada a reuni\u00e3o da Equipe de Liturgia da Par\u00f3quia S\u00e3o Crist\u00f3v\u00e3o. Com a participa\u00e7\u00e3o do P\u00e1roco, Padre Adriano, e dos representantes da ADMA, AJS, Apostolado da Ora\u00e7\u00e3o, Catequese, Capelinhas, Catequese Adultos, Congrega\u00e7\u00e3o Mariana, Coroinhas, Grupo de Cantos Alegria, Grupo de Cantos Laura Vicun\u00e3, Grupo de Cantos Gra\u00e7a e Louvor, Grupo de Ora\u00e7\u00e3o Nossa Senhora Auxiliadora, MESC, Mission\u00e1rios, Movimento de Irm\u00e3os, Pastoral da Crian\u00e7a, Salesianos Cooperadores, SAV, todos que assinaram a lista de presen\u00e7a. A reuni\u00e3o foi presidida pelo Coordenador de Liturgia e com a presen\u00e7a do p\u00e1roco. Ap\u00f3s as boas vindas a todos, iniciou com a ora\u00e7\u00e3o ao Esp\u00edrito Santo. A ata da reuni\u00e3o anterior foi aprovada.<\/p>\n<p><b>Outubro m\u00eas mission\u00e1rio<\/b><\/p>\n<p>Sendo outubro o m\u00eas mission\u00e1rio, o coordenador convidou os grupos para realizarem as novenas.<\/p>\n<p>A Marlene distribuiu os folhetos da Campanha Mission\u00e1ria para serem usados nas missas dos finais de semana do m\u00eas. Ficou decidido que nos dias 5 e 6 de outubro ser\u00e1 exibido um v\u00eddeo sobre a campanha durante a homilia, a resposta as preces ser\u00e1 projetada e tamb\u00e9m a ora\u00e7\u00e3o mission\u00e1ria. Foi solicitada uma coordena\u00e7\u00e3o com o celebrante, encarregado da liturgia e grupo de cantos, para verificar o momento da proje\u00e7\u00e3o e demais detalhes.<\/p>\n<p><b>Tempo do advento<\/b><\/p>\n<p>O coordenador pediu para que os grupos se preparassem para sugerir nas pr\u00f3ximas reuni\u00f5es, como podemos comemorar os finais de semana do per\u00edodo de forma mais vibrante.<\/p>\n<p>O p\u00e1roco lembrou para incluir tamb\u00e9m a celebra\u00e7\u00e3o do natal.<\/p>\n<p><b>Comunica\u00e7\u00e3o nas missas <\/b><\/p>\n<p>Foi solicitada pelo coordenador uma aten\u00e7\u00e3o especial para a prepara\u00e7\u00e3o da liturgia e cantos para as nossas missas. Foi lembrado que deve haver uma coordena\u00e7\u00e3o antecipada do respons\u00e1vel pela liturgia, grupo de cantos e o celebrante. O respons\u00e1vel pela liturgia do grupo deve incentivar e orientar os leitores sobre o uso do microfone, leitura somente dos coment\u00e1rios inicial e da palavra, sempre que poss\u00edvel a leitura deve ser do missal e n\u00e3o do folheto o domingo. Deve ser projetada a primeira e segunda leitura e somente a resposta do salmo. Durante o evangelho n\u00e3o deve ter nada projetado na tela. Na ora\u00e7\u00e3o eucar\u00edstica tamb\u00e9m se projeta somente \u00e0s respostas. Foi incentivada pelo p\u00e1roco a proje\u00e7\u00e3o dos avisos e inten\u00e7\u00f5es. Numa primeira etapa ser\u00e1 verificada a possibilidade de a secret\u00e1ria deixar o arquivo dos avisos na CPU do micro.<\/p>\n<p><b>Missa de Nossa Senhora Aparecida &#8211; 12 outubro<\/b><\/p>\n<p>Sendo feriado nacional, o grupo decidiu por somente uma missa no dia, as 10h00.<\/p>\n<p>Ser\u00e1 realizada uma reuni\u00e3o no dia 3 de outubro para a prepara\u00e7\u00e3o da liturgia da missa. Inclusive foi sugerida a possibilidade de que os grupos de cantos fossem mesclados para participar da celebra\u00e7\u00e3o, sendo que os grupos devem dar a resposta tamb\u00e9m durante a reuni\u00e3o do dia 3.<\/p>\n<p><b>Palavra do p\u00e1roco<\/b><\/p>\n<p>O padre Adriano pediu a participa\u00e7\u00e3o de todos na caminhada vocacional do dia 12 de outubro.<\/p>\n<p>Dia 19 de outubro ser\u00e1 o Dia das Miss\u00f5es Salesianas e haver\u00e1 visitas as fam\u00edlias.<\/p>\n<p>Pediu para que os grupos de canto estudassem de verificar a possibilidade do grupo que canta na missa das 07h30min do domingo, fosse o mesmo da\u00a0 missa das 09h00.<\/p>\n<p><b>Assembl\u00e9ia Paroquial 30 novembro as 14h00<\/b><\/p>\n<p>O coordenador incentivou os grupos a dedicarem-se ao estudo do diagn\u00f3stico de nossa par\u00f3quia, atividade que j\u00e1 est\u00e1 sendo realizada conforme orienta\u00e7\u00e3o da reuni\u00e3o do CPP. Como est\u00e1 nossa par\u00f3quia? Como fazer a convers\u00e3o? Como criar novas comunidades? Quais s\u00e3o as a\u00e7\u00f5es futuras necess\u00e1rias?<\/p>\n<p>O assunto ser\u00e1 tratado na pr\u00f3xima reuni\u00e3o do CPP dia 17 de outubro e na Assembl\u00e9ia Paroquial.<\/p>\n<p><b>Pr\u00f3xima reuni\u00e3o ser\u00e1 no dia 24 de outubro<\/b><\/p>\n<p>Nada mais havendo a reuni\u00e3o foi dada como encerrada pelo coordenador e conclu\u00edda com a ben\u00e7\u00e3o final<b>.<\/b><\/p>\n<p>Padre Adriano Cemim; Marcos Wagner da Fonseca; Carlos Emide Vasco<\/p>\n","protected":false},"excerpt":{"rendered":"<p>Aos vinte e seis dias do m\u00eas de setembro de 2013, \u00e0s vinte horas, na sala de reuni\u00f5es da par\u00f3quia, foi realizada a reuni\u00e3o da Equipe de Liturgia da Par\u00f3quia S\u00e3o Crist\u00f3v\u00e3o. Com a participa\u00e7\u00e3o do P\u00e1roco, Padre Adriano, e dos representantes da ADMA, AJS, Apostolado da Ora\u00e7\u00e3o, Catequese, Capelinhas, Catequese Adultos, Congrega\u00e7\u00e3o Mariana, Coroinhas, [&hellip;]<\/p>\n","protected":false},"author":18,"featured_media":0,"comment_status":"closed","ping_status":"closed","sticky":false,"template":"","format":"standard","meta":{"footnotes":""},"categories":[49,40],"tags":[],"class_list":["post-4793","post","type-post","status-publish","format-standard","hentry","category-atas-equipe-da-liturgia","category-noticias"],"_links":{"self":[{"href":"https:\/\/www.paroquiasaocristovao.net\/index.php?rest_route=\/wp\/v2\/posts\/4793","targetHints":{"allow":["GET"]}}],"collection":[{"href":"https:\/\/www.paroquiasaocristovao.net\/index.php?rest_route=\/wp\/v2\/posts"}],"about":[{"href":"https:\/\/www.paroquiasaocristovao.net\/index.php?rest_route=\/wp\/v2\/types\/post"}],"author":[{"embeddable":true,"href":"https:\/\/www.paroquiasaocristovao.net\/index.php?rest_route=\/wp\/v2\/users\/18"}],"replies":[{"embeddable":true,"href":"https:\/\/www.paroquiasaocristovao.net\/index.php?rest_route=%2Fwp%2Fv2%2Fcomments&post=4793"}],"version-history":[{"count":1,"href":"https:\/\/www.paroquiasaocristovao.net\/index.php?rest_route=\/wp\/v2\/posts\/4793\/revisions"}],"predecessor-version":[{"id":4794,"href":"https:\/\/www.paroquiasaocristovao.net\/index.php?rest_route=\/wp\/v2\/posts\/4793\/revisions\/4794"}],"wp:attachment":[{"href":"https:\/\/www.paroquiasaocristovao.net\/index.php?rest_route=%2Fwp%2Fv2%2Fmedia&parent=4793"}],"wp:term":[{"taxonomy":"category","embeddable":true,"href":"https:\/\/www.paroquiasaocristovao.net\/index.php?rest_route=%2Fwp%2Fv2%2Fcategories&post=4793"},{"taxonomy":"post_tag","embeddable":true,"href":"https:\/\/www.paroquiasaocristovao.net\/index.php?rest_route=%2Fwp%2Fv2%2Ftags&post=4793"}],"curies":[{"name":"wp","href":"https:\/\/api.w.org\/{rel}","templated":true}]}}