{"id":4722,"date":"2013-09-22T21:12:01","date_gmt":"2013-09-23T00:12:01","guid":{"rendered":"http:\/\/www.paroquiasaocristovao.net\/?p=4722"},"modified":"2013-09-22T21:22:39","modified_gmt":"2013-09-23T00:22:39","slug":"recadinho-do-paroco-dizimo","status":"publish","type":"post","link":"https:\/\/www.paroquiasaocristovao.net\/?p=4722","title":{"rendered":"Recadinho do P\u00e1roco: D\u00edzimo"},"content":{"rendered":"<p><a href=\"http:\/\/www.paroquiasaocristovao.net\/wp-content\/uploads\/2013\/07\/Padriano.jpg\"><img loading=\"lazy\" decoding=\"async\" class=\"size-full wp-image-3679 alignright\" alt=\"Padriano\" src=\"http:\/\/www.paroquiasaocristovao.net\/wp-content\/uploads\/2013\/07\/Padriano.jpg\" width=\"113\" height=\"111\" \/><\/a>Desde toda a eternidade exist\u00edamos na mente de Deus: amados e queridos por Deus!<\/p>\n<p>Um dia na Hist\u00f3ria fomos criados por amor&#8230; com amor&#8230; e para o amor&#8230;<\/p>\n<p>Somos um gesto do amor de Deus.<\/p>\n<p>Deus criou um mundo maravilhoso e o colocou \u00e0 nossa disposi\u00e7\u00e3o.<\/p>\n<p>Diariamente somos brindados por Deus com muitas coisas bonitas.<\/p>\n<p>Um dia fomos batizados: tornamo-nos filhos de Deus.<\/p>\n<p>Com o Batismo come\u00e7amos a ser Igreja: somos a Igreja viva!<\/p>\n<p>A Igreja \u00e9 formada pelos batizados que vivem a f\u00e9.<\/p>\n<p>&nbsp;<\/p>\n<p>Como Igreja n\u00e3o somos um clube de s\u00f3cios.<\/p>\n<p>Formamos uma Comunidade.<\/p>\n<p>Aos domingos nos reunimos para celebrar a vida.<\/p>\n<p>Para que aconte\u00e7a a celebra\u00e7\u00e3o precisamos de ambiente, objetos e servi\u00e7os.<\/p>\n<p>Para manter a Comunidade Paroquial h\u00e1 custos.<\/p>\n<p>E para cobrir as despesas temos o D\u00cdZIMO.<\/p>\n<p>Sem o D\u00edzimo a Comunidade Paroquial n\u00e3o consegue atender as necessidades.<\/p>\n<p>Com o D\u00edzimo constru\u00edmos uma Comunidade justa, fraterna e solid\u00e1ria.<\/p>\n<p>&nbsp;<\/p>\n<p>D\u00cdZIMO \u00e9 uma contribui\u00e7\u00e3o generosa.<\/p>\n<p>\u00c9 uma contribui\u00e7\u00e3o assumida como compromisso com Deus e com a Comunidade.<\/p>\n<p>Tem como finalidade a evangeliza\u00e7\u00e3o.<\/p>\n<p>&nbsp;<\/p>\n<p>D\u00edzimo \u00e9 um gesto de gratid\u00e3o pelo muito que recebemos de Deus.<\/p>\n<p>D\u00edzimo \u00e9 um gesto de generosidade.<\/p>\n<p>\u00c9 uma contribui\u00e7\u00e3o para manter a Comunidade Paroquial.<\/p>\n<p>O D\u00edzimo nasce de um cora\u00e7\u00e3o agradecido.<\/p>\n<p>&nbsp;<\/p>\n<p>Quando contribu\u00edmos com o D\u00edzimo h\u00e1 condi\u00e7\u00f5es de caminhar na f\u00e9.<\/p>\n<p>Teremos um ambiente adequado e o necess\u00e1rio para a celebra\u00e7\u00e3o.<\/p>\n<p>\u00c9 bom lembrar que tudo custa: \u00e1gua, luz, telefone, sal\u00e1rios, material de expediente&#8230;<\/p>\n<p>Com o D\u00edzimo podemos atender a catequese, encontros, retiros, forma\u00e7\u00e3o, atendimento aos carentes.<\/p>\n<p>Sem o D\u00edzimo n\u00e3o conseguimos manter a Comunidade Paroquial viva.<\/p>\n<p>O D\u00edzimo ajuda a cumprir nossa miss\u00e3o de evangelizar e educar.<\/p>\n<p>Quem contribui com o D\u00edzimo torna-se mission\u00e1rio evangelizador.<\/p>\n<p>&nbsp;<\/p>\n<p>A Comunidade Paroquial precisa de sua vida, de suas qualidades, do seu tempo e de sua colabora\u00e7\u00e3o.<\/p>\n<p>A Comunidade Paroquial precisa de voc\u00ea e do seu D\u00edzimo.<\/p>\n<p>Voc\u00ea pode tornar a Comunidade melhor, mais bonita e mais din\u00e2mica.<\/p>\n<p>&nbsp;<\/p>\n<p>P. Adriano Cemin<\/p>\n","protected":false},"excerpt":{"rendered":"<p>Desde toda a eternidade exist\u00edamos na mente de Deus: amados e queridos por Deus! Um dia na Hist\u00f3ria fomos criados por amor&#8230; com amor&#8230; e para o amor&#8230; Somos um gesto do amor de Deus. Deus criou um mundo maravilhoso e o colocou \u00e0 nossa disposi\u00e7\u00e3o. Diariamente somos brindados por Deus com muitas coisas bonitas. [&hellip;]<\/p>\n","protected":false},"author":2,"featured_media":0,"comment_status":"closed","ping_status":"closed","sticky":false,"template":"","format":"standard","meta":{"footnotes":""},"categories":[41,46],"tags":[],"class_list":["post-4722","post","type-post","status-publish","format-standard","hentry","category-artigos","category-paroco"],"_links":{"self":[{"href":"https:\/\/www.paroquiasaocristovao.net\/index.php?rest_route=\/wp\/v2\/posts\/4722","targetHints":{"allow":["GET"]}}],"collection":[{"href":"https:\/\/www.paroquiasaocristovao.net\/index.php?rest_route=\/wp\/v2\/posts"}],"about":[{"href":"https:\/\/www.paroquiasaocristovao.net\/index.php?rest_route=\/wp\/v2\/types\/post"}],"author":[{"embeddable":true,"href":"https:\/\/www.paroquiasaocristovao.net\/index.php?rest_route=\/wp\/v2\/users\/2"}],"replies":[{"embeddable":true,"href":"https:\/\/www.paroquiasaocristovao.net\/index.php?rest_route=%2Fwp%2Fv2%2Fcomments&post=4722"}],"version-history":[{"count":4,"href":"https:\/\/www.paroquiasaocristovao.net\/index.php?rest_route=\/wp\/v2\/posts\/4722\/revisions"}],"predecessor-version":[{"id":4727,"href":"https:\/\/www.paroquiasaocristovao.net\/index.php?rest_route=\/wp\/v2\/posts\/4722\/revisions\/4727"}],"wp:attachment":[{"href":"https:\/\/www.paroquiasaocristovao.net\/index.php?rest_route=%2Fwp%2Fv2%2Fmedia&parent=4722"}],"wp:term":[{"taxonomy":"category","embeddable":true,"href":"https:\/\/www.paroquiasaocristovao.net\/index.php?rest_route=%2Fwp%2Fv2%2Fcategories&post=4722"},{"taxonomy":"post_tag","embeddable":true,"href":"https:\/\/www.paroquiasaocristovao.net\/index.php?rest_route=%2Fwp%2Fv2%2Ftags&post=4722"}],"curies":[{"name":"wp","href":"https:\/\/api.w.org\/{rel}","templated":true}]}}