{"id":4697,"date":"2013-09-21T12:03:54","date_gmt":"2013-09-21T15:03:54","guid":{"rendered":"http:\/\/www.paroquiasaocristovao.net\/?p=4697"},"modified":"2013-09-21T13:03:13","modified_gmt":"2013-09-21T16:03:13","slug":"aviso-de-falecimento-albano-nilo-woellner-seu-baninho","status":"publish","type":"post","link":"https:\/\/www.paroquiasaocristovao.net\/?p=4697","title":{"rendered":"Aviso de Falecimento: Albano Nilo Woellner &#8211; &#8220;Seu Baninho&#8221;"},"content":{"rendered":"<p><img loading=\"lazy\" decoding=\"async\" class=\"alignleft  wp-image-4698\" alt=\"baninho\" src=\"http:\/\/www.paroquiasaocristovao.net\/wp-content\/uploads\/2013\/09\/baninho.jpg\" width=\"114\" height=\"144\" \/>\u00c9 com pesar que noticiamos o falecimento nesta manh\u00e3 de s\u00e1bado (21), \u00a0do Sr. Albano Nilo Woellner, aos 90 anos.<\/p>\n<p>O vel\u00f3rio acontece na capela 2 do Cemit\u00e9rio Municipal do \u00c1gua Verde e seu sepultamento est\u00e1 previsto para este domingo (22\/09\/13) \u00e0s 10hs no mesmo campo santo.<\/p>\n<p>\u00c0 fam\u00edlia nossas sinceras condol\u00eancias.<\/p>\n<h6><a href=\"http:\/\/www.paroquiasaocristovao.net\/?s=Baninho\" target=\"_blank\"><img loading=\"lazy\" decoding=\"async\" class=\"wp-image-4712 aligncenter\" title=\"Noticias relacionadas.\" alt=\"\" src=\"http:\/\/www.paroquiasaocristovao.net\/wp-content\/uploads\/2013\/09\/notrelacionadas.jpg\" width=\"72\" height=\"52\" \/><\/a><\/h6>\n<p>&nbsp;<\/p>\n","protected":false},"excerpt":{"rendered":"<p>\u00c9 com pesar que noticiamos o falecimento nesta manh\u00e3 de s\u00e1bado (21), \u00a0do Sr. Albano Nilo Woellner, aos 90 anos. O vel\u00f3rio acontece na capela 2 do Cemit\u00e9rio Municipal do \u00c1gua Verde e seu sepultamento est\u00e1 previsto para este domingo (22\/09\/13) \u00e0s 10hs no mesmo campo santo. \u00c0 fam\u00edlia nossas sinceras condol\u00eancias. &nbsp;<\/p>\n","protected":false},"author":18,"featured_media":0,"comment_status":"closed","ping_status":"closed","sticky":false,"template":"","format":"gallery","meta":{"footnotes":""},"categories":[58,40],"tags":[],"class_list":["post-4697","post","type-post","status-publish","format-gallery","hentry","category-falecimentos","category-noticias","post_format-post-format-gallery"],"_links":{"self":[{"href":"https:\/\/www.paroquiasaocristovao.net\/index.php?rest_route=\/wp\/v2\/posts\/4697","targetHints":{"allow":["GET"]}}],"collection":[{"href":"https:\/\/www.paroquiasaocristovao.net\/index.php?rest_route=\/wp\/v2\/posts"}],"about":[{"href":"https:\/\/www.paroquiasaocristovao.net\/index.php?rest_route=\/wp\/v2\/types\/post"}],"author":[{"embeddable":true,"href":"https:\/\/www.paroquiasaocristovao.net\/index.php?rest_route=\/wp\/v2\/users\/18"}],"replies":[{"embeddable":true,"href":"https:\/\/www.paroquiasaocristovao.net\/index.php?rest_route=%2Fwp%2Fv2%2Fcomments&post=4697"}],"version-history":[{"count":13,"href":"https:\/\/www.paroquiasaocristovao.net\/index.php?rest_route=\/wp\/v2\/posts\/4697\/revisions"}],"predecessor-version":[{"id":4714,"href":"https:\/\/www.paroquiasaocristovao.net\/index.php?rest_route=\/wp\/v2\/posts\/4697\/revisions\/4714"}],"wp:attachment":[{"href":"https:\/\/www.paroquiasaocristovao.net\/index.php?rest_route=%2Fwp%2Fv2%2Fmedia&parent=4697"}],"wp:term":[{"taxonomy":"category","embeddable":true,"href":"https:\/\/www.paroquiasaocristovao.net\/index.php?rest_route=%2Fwp%2Fv2%2Fcategories&post=4697"},{"taxonomy":"post_tag","embeddable":true,"href":"https:\/\/www.paroquiasaocristovao.net\/index.php?rest_route=%2Fwp%2Fv2%2Ftags&post=4697"}],"curies":[{"name":"wp","href":"https:\/\/api.w.org\/{rel}","templated":true}]}}