{"id":4643,"date":"2013-09-15T22:42:11","date_gmt":"2013-09-16T01:42:11","guid":{"rendered":"http:\/\/www.paroquiasaocristovao.net\/?p=4643"},"modified":"2013-09-15T22:42:11","modified_gmt":"2013-09-16T01:42:11","slug":"vacinacao-um-direito-da-crianca-um-dever-dos-pais","status":"publish","type":"post","link":"https:\/\/www.paroquiasaocristovao.net\/?p=4643","title":{"rendered":"Vacina\u00e7\u00e3o &#8211; Um direito da crian\u00e7a, um dever dos pais."},"content":{"rendered":"<p><a href=\"http:\/\/www.paroquiasaocristovao.net\/wp-content\/uploads\/2013\/09\/vacina1.jpg\"><img loading=\"lazy\" decoding=\"async\" class=\"size-full wp-image-4644 alignleft\" alt=\"vacina1\" src=\"http:\/\/www.paroquiasaocristovao.net\/wp-content\/uploads\/2013\/09\/vacina1.jpg\" width=\"200\" height=\"271\" \/><\/a><\/p>\n<p>Quando foi que o seu filho tomou a \u00faltima vacina? Qual \u00e9 a data da pr\u00f3xima vacina? Voc\u00ea sabe onde est\u00e1 o Cart\u00e3o de vacinas do seu filho? O Cart\u00e3o est\u00e1 atualizado?<\/p>\n<p>Todas as crian\u00e7as necessitam de vacinas para ficarem protegidas contra algumas doen\u00e7as. Vacinando seu filho, voc\u00ea estar\u00e1 n\u00e3o s\u00f3 protegendo-o, mas tamb\u00e9m contribuindo para diminuir a mortalidade infantil e na erradica\u00e7\u00e3o de algumas doen\u00e7as em nosso pa\u00eds. \u00c9 dever dos pais levar as crian\u00e7as para vacinar. Quando elas s\u00e3o maiores, os pais devem explicar para elas a import\u00e2ncia das vacinas para evitar doen\u00e7as e ter sa\u00fade. Caso esteja faltando vacinas na Unidade de Sa\u00fade perto da sua casa, converse com o pessoal da Secretaria de Sa\u00fade, com os representantes do Conselho de Sa\u00fade ou at\u00e9 mesmo com os l\u00edderes da Pastoral da Crian\u00e7a. Se voc\u00ea tiver alguma d\u00favida, v\u00e1 at\u00e9 uma Unidade de Sa\u00fade, leve o Cart\u00e3o da Crian\u00e7a e pergunte. Nele devem estar anotadas todas as vacinas que a crian\u00e7a tomou e as datas das pr\u00f3ximas doses.<\/p>\n<p>&nbsp;<\/p>\n<p>Aqui, no Site da Pastoral da Crian\u00e7a, voc\u00ea vai encontrar muitas informa\u00e7\u00f5es sobre vacinas. Ou\u00e7a os programas de r\u00e1dio e as entrevistas; leia sobre o Calend\u00e1rio de Vacina\u00e7\u00e3o e as orienta\u00e7\u00f5es dos especialistas; siga as dicas da Pastoral da Crian\u00e7a feitas especialmente para tirar d\u00favidas e ajudar voc\u00ea a garantir mais sa\u00fade e qualidade de vida para seu filho. Lembre-se: toda crian\u00e7a tem o direito de receber as vacinas em dia!<\/p>\n<p>&nbsp;<\/p>\n<p>Representante do Unicef no Brasil fala sobre a import\u00e2ncia da vacina\u00e7\u00e3o. Assista aos v\u00eddeos:<\/p>\n<p><a href=\"http:\/\/www.youtube.com\/watch?v=biFa52QY1yk&amp;feature=c4-overview&amp;list=UUbi6d0SX8LJjfxxSl-NpNiw\" target=\"_blank\">Vacina\u00e7\u00e3o infantil &#8211; Gary Stahl Unicef<\/a><\/p>\n<p><a href=\"http:\/\/www.youtube.com\/watch?v=nZHy99uTaRo&amp;feature=c4-overview&amp;list=UUbi6d0SX8LJjfxxSl-NpNiw\" target=\"_blank\">Vacina\u00e7\u00e3o gestantes &#8211; Gary Stahl Unicef<\/a><\/p>\n","protected":false},"excerpt":{"rendered":"<p>Quando foi que o seu filho tomou a \u00faltima vacina? Qual \u00e9 a data da pr\u00f3xima vacina? Voc\u00ea sabe onde est\u00e1 o Cart\u00e3o de vacinas do seu filho? O Cart\u00e3o est\u00e1 atualizado? Todas as crian\u00e7as necessitam de vacinas para ficarem protegidas contra algumas doen\u00e7as. Vacinando seu filho, voc\u00ea estar\u00e1 n\u00e3o s\u00f3 protegendo-o, mas tamb\u00e9m contribuindo [&hellip;]<\/p>\n","protected":false},"author":2,"featured_media":4645,"comment_status":"closed","ping_status":"closed","sticky":false,"template":"","format":"standard","meta":{"footnotes":""},"categories":[41,24],"tags":[],"class_list":["post-4643","post","type-post","status-publish","format-standard","has-post-thumbnail","hentry","category-artigos","category-pastoral-da-crianca"],"_links":{"self":[{"href":"https:\/\/www.paroquiasaocristovao.net\/index.php?rest_route=\/wp\/v2\/posts\/4643","targetHints":{"allow":["GET"]}}],"collection":[{"href":"https:\/\/www.paroquiasaocristovao.net\/index.php?rest_route=\/wp\/v2\/posts"}],"about":[{"href":"https:\/\/www.paroquiasaocristovao.net\/index.php?rest_route=\/wp\/v2\/types\/post"}],"author":[{"embeddable":true,"href":"https:\/\/www.paroquiasaocristovao.net\/index.php?rest_route=\/wp\/v2\/users\/2"}],"replies":[{"embeddable":true,"href":"https:\/\/www.paroquiasaocristovao.net\/index.php?rest_route=%2Fwp%2Fv2%2Fcomments&post=4643"}],"version-history":[{"count":1,"href":"https:\/\/www.paroquiasaocristovao.net\/index.php?rest_route=\/wp\/v2\/posts\/4643\/revisions"}],"predecessor-version":[{"id":4646,"href":"https:\/\/www.paroquiasaocristovao.net\/index.php?rest_route=\/wp\/v2\/posts\/4643\/revisions\/4646"}],"wp:featuredmedia":[{"embeddable":true,"href":"https:\/\/www.paroquiasaocristovao.net\/index.php?rest_route=\/wp\/v2\/media\/4645"}],"wp:attachment":[{"href":"https:\/\/www.paroquiasaocristovao.net\/index.php?rest_route=%2Fwp%2Fv2%2Fmedia&parent=4643"}],"wp:term":[{"taxonomy":"category","embeddable":true,"href":"https:\/\/www.paroquiasaocristovao.net\/index.php?rest_route=%2Fwp%2Fv2%2Fcategories&post=4643"},{"taxonomy":"post_tag","embeddable":true,"href":"https:\/\/www.paroquiasaocristovao.net\/index.php?rest_route=%2Fwp%2Fv2%2Ftags&post=4643"}],"curies":[{"name":"wp","href":"https:\/\/api.w.org\/{rel}","templated":true}]}}