{"id":4138,"date":"2013-08-06T16:11:10","date_gmt":"2013-08-06T19:11:10","guid":{"rendered":"http:\/\/www.paroquiasaocristovao.net\/?p=4138"},"modified":"2013-08-06T16:11:24","modified_gmt":"2013-08-06T19:11:24","slug":"equipe-de-liturgia-saiba-sobre-as-celebracoes-de-agosto","status":"publish","type":"post","link":"https:\/\/www.paroquiasaocristovao.net\/?p=4138","title":{"rendered":"Equipe de Liturgia &#8211; Saiba sobre as Celebra\u00e7\u00f5es de Agosto."},"content":{"rendered":"<p style=\"text-align: center;\">\u201cFique ligado e leia na ata a programa\u00e7\u00e3o para agosto, com destaque para as comemora\u00e7\u00f5es do anivers\u00e1rio de Dom Bosco&#8221; &#8211; <a title=\"Atas da equipe de liturgia.\" href=\"http:\/\/www.paroquiasaocristovao.net\/?cat=49\" target=\"_blank\">clique aqui<\/a><a href=\"http:\/\/www.paroquiasaocristovao.net\/?cat=49\"><img loading=\"lazy\" decoding=\"async\" class=\"wp-image-910 aligncenter\" alt=\"atas\" src=\"http:\/\/www.paroquiasaocristovao.net\/wp-content\/uploads\/2013\/02\/atas.jpg\" width=\"31\" height=\"43\" \/><\/a><\/p>\n<p>&nbsp;<\/p>\n","protected":false},"excerpt":{"rendered":"<p>\u201cFique ligado e leia na ata a programa\u00e7\u00e3o para agosto, com destaque para as comemora\u00e7\u00f5es do anivers\u00e1rio de Dom Bosco&#8221; &#8211; clique aqui &nbsp;<\/p>\n","protected":false},"author":18,"featured_media":0,"comment_status":"closed","ping_status":"closed","sticky":false,"template":"","format":"standard","meta":{"footnotes":""},"categories":[1],"tags":[],"class_list":["post-4138","post","type-post","status-publish","format-standard","hentry","category-geral"],"_links":{"self":[{"href":"https:\/\/www.paroquiasaocristovao.net\/index.php?rest_route=\/wp\/v2\/posts\/4138","targetHints":{"allow":["GET"]}}],"collection":[{"href":"https:\/\/www.paroquiasaocristovao.net\/index.php?rest_route=\/wp\/v2\/posts"}],"about":[{"href":"https:\/\/www.paroquiasaocristovao.net\/index.php?rest_route=\/wp\/v2\/types\/post"}],"author":[{"embeddable":true,"href":"https:\/\/www.paroquiasaocristovao.net\/index.php?rest_route=\/wp\/v2\/users\/18"}],"replies":[{"embeddable":true,"href":"https:\/\/www.paroquiasaocristovao.net\/index.php?rest_route=%2Fwp%2Fv2%2Fcomments&post=4138"}],"version-history":[{"count":2,"href":"https:\/\/www.paroquiasaocristovao.net\/index.php?rest_route=\/wp\/v2\/posts\/4138\/revisions"}],"predecessor-version":[{"id":4140,"href":"https:\/\/www.paroquiasaocristovao.net\/index.php?rest_route=\/wp\/v2\/posts\/4138\/revisions\/4140"}],"wp:attachment":[{"href":"https:\/\/www.paroquiasaocristovao.net\/index.php?rest_route=%2Fwp%2Fv2%2Fmedia&parent=4138"}],"wp:term":[{"taxonomy":"category","embeddable":true,"href":"https:\/\/www.paroquiasaocristovao.net\/index.php?rest_route=%2Fwp%2Fv2%2Fcategories&post=4138"},{"taxonomy":"post_tag","embeddable":true,"href":"https:\/\/www.paroquiasaocristovao.net\/index.php?rest_route=%2Fwp%2Fv2%2Ftags&post=4138"}],"curies":[{"name":"wp","href":"https:\/\/api.w.org\/{rel}","templated":true}]}}