{"id":3805,"date":"2013-07-25T22:59:16","date_gmt":"2013-07-26T01:59:16","guid":{"rendered":"http:\/\/www.paroquiasaocristovao.net\/?p=3805"},"modified":"2013-07-27T21:58:44","modified_gmt":"2013-07-28T00:58:44","slug":"festa-2013-entrevista-com-o-jose-marcos","status":"publish","type":"post","link":"https:\/\/www.paroquiasaocristovao.net\/?p=3805","title":{"rendered":"Festa 2013 &#8211; Entrevista com o Jos\u00e9 Marcos"},"content":{"rendered":"<p><a href=\"http:\/\/www.paroquiasaocristovao.net\/wp-content\/uploads\/2013\/02\/festa-de-sao-cristovao2.png\"><img loading=\"lazy\" decoding=\"async\" class=\" wp-image-3652 alignright\" alt=\"festa de sao cristovao2\" src=\"http:\/\/www.paroquiasaocristovao.net\/wp-content\/uploads\/2013\/02\/festa-de-sao-cristovao2.png\" width=\"154\" height=\"118\" \/><\/a>Nesta semana estamos divulgando algumas entrevistas com alguns personagens respons\u00e1veis pela Festa de S\u00e3o Crist\u00f3v\u00e3o, tivemos a oportunidade de conversar com o Sr. Jos\u00e9 Marcos Chagas (Marquinhos), respons\u00e1vel por uma das barracas da festa e que nos concedeu uma breve entrevista:<\/p>\n<p><strong>PASCOM<\/strong> \u2013 Jos\u00e9 Marcos voc\u00ea \u00e9 respons\u00e1vel por uma das barracas da Festa, qual a sua barraca?<\/p>\n<p><strong>JM<\/strong> \u2013 A barraca das Argolas.<\/p>\n<p><strong>PASCOM<\/strong> \u2013 H\u00e1 quanto tempo voc\u00ea est\u00e1 trabalhando nessa barraca?<\/p>\n<p><strong>JM<\/strong> \u2013 H\u00e1 tr\u00eas anos, tr\u00eas anos consecutivos.<\/p>\n<p><strong>PASCOM<\/strong> \u2013 Nos diga como funciona a barraca e o que teremos de brindes?<\/p>\n<p><strong>JM<\/strong> \u2013 Esse ano iremos inovar, na nossa barraca nesse ano, como no ano passado, n\u00e3o teremos bebidas alco\u00f3licas e quanto aos brindes teremos brinquedos e artigos dom\u00e9sticos entre outros.<\/p>\n<p><strong>PASCOM<\/strong> \u2013 Qual a faixa et\u00e1ria do p\u00fablico?<\/p>\n<p><strong>JM<\/strong> \u2013 Todas as faixas et\u00e1rias, inclusive as crian\u00e7as menores n\u00f3s damos uma chance maior para que elas possam vir brincar, para essas crian\u00e7as menores de uns 5 a 8 anos h\u00e1 uma facilidade maior para eles poderem brincar.<\/p>\n<p><strong>PASCOM<\/strong> \u2013 E com a sua experi\u00eancia na festa o que voc\u00ea espera em rela\u00e7\u00e3o \u00e0 p\u00fablico, qual a sua expectativa?<\/p>\n<p><strong>JM<\/strong> \u2013 Devido ao sucesso da Festa do ano passado, acho que esse ano no m\u00ednimo iremos repetir o p\u00fablico, pois est\u00e1 sendo bem divulgada o pessoal est\u00e1 animado e todos os grupos est\u00e3o empenhados e pelo sucesso da Festa passada, se repetir o p\u00fablico do ano passado, j\u00e1 vai estar bom demais.<\/p>\n<p><strong>PASCOM<\/strong> \u2013 E para encerrar, o que voc\u00ea tem a dizer para a comunidade sobre a nossa Festa?<\/p>\n<p><strong>JM<\/strong> \u2013 Eu gostaria de convidar a comunidade para participar, para que venham prestigiar e coroar o nosso trabalho, esse trabalho que come\u00e7a logo ap\u00f3s o fim da Festa Junina, quando j\u00e1 pensamos na Festa de S\u00e3o Crist\u00f3v\u00e3o e \u00e9 um trabalho de muita doa\u00e7\u00e3o e estamos preparados e de bra\u00e7os abertos esperando para receber esse povo todo para engrandecer a nossa comunidade e as comunidades vizinhas tamb\u00e9m.<\/p>\n<p><strong>PASCOM<\/strong> \u2013 Muito obrigado ao Jos\u00e9 Marcos que nos concedeu essa entrevista.<\/p>\n","protected":false},"excerpt":{"rendered":"<p>Nesta semana estamos divulgando algumas entrevistas com alguns personagens respons\u00e1veis pela Festa de S\u00e3o Crist\u00f3v\u00e3o, tivemos a oportunidade de conversar com o Sr. Jos\u00e9 Marcos Chagas (Marquinhos), respons\u00e1vel por uma das barracas da festa e que nos concedeu uma breve entrevista: PASCOM \u2013 Jos\u00e9 Marcos voc\u00ea \u00e9 respons\u00e1vel por uma das barracas da Festa, qual [&hellip;]<\/p>\n","protected":false},"author":2,"featured_media":0,"comment_status":"closed","ping_status":"closed","sticky":false,"template":"","format":"standard","meta":{"footnotes":""},"categories":[45,57,52],"tags":[],"class_list":["post-3805","post","type-post","status-publish","format-standard","hentry","category-entrevistas","category-festa-de-sao-cristovao","category-pascom"],"_links":{"self":[{"href":"https:\/\/www.paroquiasaocristovao.net\/index.php?rest_route=\/wp\/v2\/posts\/3805","targetHints":{"allow":["GET"]}}],"collection":[{"href":"https:\/\/www.paroquiasaocristovao.net\/index.php?rest_route=\/wp\/v2\/posts"}],"about":[{"href":"https:\/\/www.paroquiasaocristovao.net\/index.php?rest_route=\/wp\/v2\/types\/post"}],"author":[{"embeddable":true,"href":"https:\/\/www.paroquiasaocristovao.net\/index.php?rest_route=\/wp\/v2\/users\/2"}],"replies":[{"embeddable":true,"href":"https:\/\/www.paroquiasaocristovao.net\/index.php?rest_route=%2Fwp%2Fv2%2Fcomments&post=3805"}],"version-history":[{"count":5,"href":"https:\/\/www.paroquiasaocristovao.net\/index.php?rest_route=\/wp\/v2\/posts\/3805\/revisions"}],"predecessor-version":[{"id":3808,"href":"https:\/\/www.paroquiasaocristovao.net\/index.php?rest_route=\/wp\/v2\/posts\/3805\/revisions\/3808"}],"wp:attachment":[{"href":"https:\/\/www.paroquiasaocristovao.net\/index.php?rest_route=%2Fwp%2Fv2%2Fmedia&parent=3805"}],"wp:term":[{"taxonomy":"category","embeddable":true,"href":"https:\/\/www.paroquiasaocristovao.net\/index.php?rest_route=%2Fwp%2Fv2%2Fcategories&post=3805"},{"taxonomy":"post_tag","embeddable":true,"href":"https:\/\/www.paroquiasaocristovao.net\/index.php?rest_route=%2Fwp%2Fv2%2Ftags&post=3805"}],"curies":[{"name":"wp","href":"https:\/\/api.w.org\/{rel}","templated":true}]}}