{"id":3706,"date":"2013-07-24T07:25:29","date_gmt":"2013-07-24T10:25:29","guid":{"rendered":"http:\/\/www.paroquiasaocristovao.net\/?p=3706"},"modified":"2013-07-20T22:46:58","modified_gmt":"2013-07-21T01:46:58","slug":"jmj-os-bispos-catequistas","status":"publish","type":"post","link":"https:\/\/www.paroquiasaocristovao.net\/?p=3706","title":{"rendered":"JMJ &#8211; Os bispos catequistas."},"content":{"rendered":"<p><img loading=\"lazy\" decoding=\"async\" class=\"alignleft\" style=\"font-size: 12px;\" alt=\"\" src=\"http:\/\/imagens.rio2013.com\/\/app\/webroot\/files\/images\/library\/notices\/medium\/Urbano_Santana_18062013111826.jpg\" width=\"320\" height=\"240\" \/><\/p>\n<div>\n<div id=\"estatica_new\">\n<div id=\"conteudo_new\">\n<div>\n<p>Mais de 250 bispos de diferentes nacionalidades v\u00e3o fazer prega\u00e7\u00f5es que aprofundam o lema da Jornada Mundial da Juventude (JMJ Rio2013) nas tr\u00eas manh\u00e3s de\u00a0catequese. Selecionados pelo Pontif\u00edcio Conselho para os Leigos (PCL), eles ser\u00e3o alocados cada dia em um\u00a0ponto de catequese\u00a0diferente. De acordo com o diretor do Setor Prepara\u00e7\u00e3o Pastoral, padre Leandro Lenin, n\u00e3o ser\u00e1 divulgado a aloca\u00e7\u00e3o dos bispos. \u201cN\u00f3s queremos que esse contato entre o jovem e o bispo aconte\u00e7a como uma surpresa nessas manh\u00e3s\u201d.<\/p>\n<p>As catequeses, que acontecem de quarta a sexta, t\u00eam tr\u00eas temas diferentes. No dia 24 de julho, o tema abordado ser\u00e1 \u201csede de esperan\u00e7a, sede de Deus\u201d. No dia 25, ser\u00e1 \u201cser disc\u00edpulo de Cristo\u201d. J\u00e1 no dia 26, os bispos v\u00e3o meditar sobre \u201cser mission\u00e1rio, Ide!\u201d.<\/p>\n<p>No voucher de inscri\u00e7\u00e3o, cada peregrino ser\u00e1 destinado a um local de catequese. Al\u00e9m de receber forma\u00e7\u00e3o, ele vai pegar o kit caf\u00e9 da manh\u00e3, para os que fizeram op\u00e7\u00e3o por alimenta\u00e7\u00e3o.<\/p>\n<p>\u201cNas catequeses n\u00f3s teremos um n\u00famero de acesso restrito. Cada catequese foi pensada para um determinado grupo de peregrinos e ent\u00e3o evitaremos, da maneira poss\u00edvel, superlota\u00e7\u00e3o de catequese. Tamb\u00e9m n\u00f3s queremos ter em conta que o n\u00famero de kits de caf\u00e9 da manha dispon\u00edveis em cada uma das sedes tamb\u00e9m seja suficiente para os peregrinos que j\u00e1 est\u00e3o destinados a cada um dos pontos\u201d, explica padre Leandro.<\/p>\n<p>As catequeses acontecem pelas manh\u00e3s de 9h \u00e0s 13h e finalizam com a Missa presidida pelo bispo catequista. Durante a manh\u00e3, os peregrinos podem confessar-se e fazer perguntas ao bispo.<\/p>\n<\/div>\n<\/div>\n<\/div>\n<\/div>\n","protected":false},"excerpt":{"rendered":"<p>Mais de 250 bispos de diferentes nacionalidades v\u00e3o fazer prega\u00e7\u00f5es que aprofundam o lema da Jornada Mundial da Juventude (JMJ Rio2013) nas tr\u00eas manh\u00e3s de\u00a0catequese. Selecionados pelo Pontif\u00edcio Conselho para os Leigos (PCL), eles ser\u00e3o alocados cada dia em um\u00a0ponto de catequese\u00a0diferente. De acordo com o diretor do Setor Prepara\u00e7\u00e3o Pastoral, padre Leandro Lenin, n\u00e3o [&hellip;]<\/p>\n","protected":false},"author":18,"featured_media":0,"comment_status":"closed","ping_status":"closed","sticky":false,"template":"","format":"standard","meta":{"footnotes":""},"categories":[65],"tags":[69,75,76,79,78,77,74],"class_list":["post-3706","post","type-post","status-publish","format-standard","hentry","category-visita-do-papa-2013","tag-dom-bosco","tag-jmj","tag-jmj-curitiba","tag-jmj-rio-2013","tag-papa-francisco","tag-peregrinos-de-curitiba","tag-salesianos"],"_links":{"self":[{"href":"https:\/\/www.paroquiasaocristovao.net\/index.php?rest_route=\/wp\/v2\/posts\/3706","targetHints":{"allow":["GET"]}}],"collection":[{"href":"https:\/\/www.paroquiasaocristovao.net\/index.php?rest_route=\/wp\/v2\/posts"}],"about":[{"href":"https:\/\/www.paroquiasaocristovao.net\/index.php?rest_route=\/wp\/v2\/types\/post"}],"author":[{"embeddable":true,"href":"https:\/\/www.paroquiasaocristovao.net\/index.php?rest_route=\/wp\/v2\/users\/18"}],"replies":[{"embeddable":true,"href":"https:\/\/www.paroquiasaocristovao.net\/index.php?rest_route=%2Fwp%2Fv2%2Fcomments&post=3706"}],"version-history":[{"count":2,"href":"https:\/\/www.paroquiasaocristovao.net\/index.php?rest_route=\/wp\/v2\/posts\/3706\/revisions"}],"predecessor-version":[{"id":3717,"href":"https:\/\/www.paroquiasaocristovao.net\/index.php?rest_route=\/wp\/v2\/posts\/3706\/revisions\/3717"}],"wp:attachment":[{"href":"https:\/\/www.paroquiasaocristovao.net\/index.php?rest_route=%2Fwp%2Fv2%2Fmedia&parent=3706"}],"wp:term":[{"taxonomy":"category","embeddable":true,"href":"https:\/\/www.paroquiasaocristovao.net\/index.php?rest_route=%2Fwp%2Fv2%2Fcategories&post=3706"},{"taxonomy":"post_tag","embeddable":true,"href":"https:\/\/www.paroquiasaocristovao.net\/index.php?rest_route=%2Fwp%2Fv2%2Ftags&post=3706"}],"curies":[{"name":"wp","href":"https:\/\/api.w.org\/{rel}","templated":true}]}}