{"id":3475,"date":"2013-07-03T21:03:43","date_gmt":"2013-07-04T00:03:43","guid":{"rendered":"http:\/\/www.paroquiasaocristovao.net\/?p=3475"},"modified":"2013-09-18T21:34:13","modified_gmt":"2013-09-19T00:34:13","slug":"reuniao-da-equipe-de-liturgia-junho2013","status":"publish","type":"post","link":"https:\/\/www.paroquiasaocristovao.net\/?p=3475","title":{"rendered":"Ata N\u00ba. 183 Reuni\u00e3o da Equipe de Liturgia Junho\/2013"},"content":{"rendered":"<p>Aos vinte e sete dias do m\u00eas de junho de 2013, \u00e0s vinte horas, na sala de reuni\u00f5es da par\u00f3quia, foi realizada a reuni\u00e3o da Equipe de Liturgia da Par\u00f3quia S\u00e3o Crist\u00f3v\u00e3o. Com a participa\u00e7\u00e3o do P\u00e1roco, Padre Adriano, e dos representantes da ADMA, AJS, Apostolado da Ora\u00e7\u00e3o, Catequese, Catequese Adultos, Comunidade Dom Bosco, Congrega\u00e7\u00e3o Mariana, Coroinhas, Grupo de Cantos Alegria, Grupo de Cantos Laura Vicun\u00e3, Grupo de Cantos Santa Cec\u00edlia, Grupo de Cantos do M\u00e1rcio, MESCS, Grupo de Ora\u00e7\u00e3o Nossa Senhora Auxiliadora, Mission\u00e1rios, Movimento de Irm\u00e3os, Pastoral da Comunica\u00e7\u00e3o, Pastoral do D\u00edzimo, SAV, todos que assinaram a lista de presen\u00e7a. A reuni\u00e3o foi presidida pelo Coordenador de Liturgia. Ap\u00f3s as boas vindas a todos, iniciou com a leitura do Evangelho do dia. A ata da reuni\u00e3o anterior foi aprovada.<\/p>\n<p>Altera\u00e7\u00e3o na Novena de Nossa Senhora Auxiliadora<\/p>\n<p>O coordenador informou que na reuni\u00e3o do CPP foram feitas algumas altera\u00e7\u00f5es na liturgia da novena e as mesmas foram distribu\u00eddas aos coordenadores.<\/p>\n<p>Novena de Nossa Senhora Auxiliadora (24 jul \u2013 qua)<\/p>\n<p>Liturgia: ADMA; cantos: Grupo de cantos Alegria<\/p>\n<p>Missa do padroeiro (25 jul \u2013 qui)<\/p>\n<p>Liturgia: MESCs; cantos: Grupo de cantos\u00a0BANDA GRA\u00c7A E LOUVOR<\/p>\n<p>Temas da novena da festa do nosso padroeiro.;<\/p>\n<p>Foi informada a modifica\u00e7\u00e3o nos dias dos temas da novena que assim ficaram: 1\u00ba dia Dom Bosco sua Vida e seu Tempo; 2\u00ba Dom Bosco e Nossa Senhora; 3\u00ba Dom Bosco Fundador de Congrega\u00e7\u00f5es; 4\u00ba Dom Bosco e seus Sonhos; 5\u00ba Dom Bosco Educador; 6\u00ba Dom Bosco e as Miss\u00f5es; 7\u00ba Dom Bosco e os Jovens; 8\u00ba Dom Bosco e a Espiritualidade; 9\u00ba Dom Bosco e as Voca\u00e7\u00f5es.<\/p>\n<p>Liturgia e cantos na novena de prepara\u00e7\u00e3o da festa do padroeiro<\/p>\n<p>1\u00ba dia (26jul-sex): Apostolado da Ora\u00e7\u00e3o\/ Grupo de Cantos Santa Cec\u00edlia; 2\u00ba (27 jul-sab): Congregados Marianos\/ Grupo de Cantos Santa Cec\u00edlia; 3\u00ba (28 jul \u2013 dom):Comunidade Dom Bosco e Salesianos Cooperadores\/Grupo de cantos BANDA GRA\u00c7A E LOUVOR; 4\u00ba (29 jul \u2013 seg): Grupo de Ora\u00e7\u00e3o\/Grupo de cantos Laura Vicun\u00e3; 5\u00ba (30jul \u2013 ter) Movimento de Irm\u00e3os\/Grupo de cantos Santa Cec\u00edlia; 6\u00ba 31 jul \u2013 qua) Coroinhas\/Teco; 7\u00ba 01 ago \u2013 qui) AJS\/AJS; 8\u00ba (02 ago \u2013 sex) Catequese\/Teco e Ana; 9\u00ba (03 ago \u2013 sab) SAV\/Grupo de cantos Laura Vicun\u00e3.<\/p>\n<p>Festa de S\u00e3o Crist\u00f3v\u00e3o (04 ago \u2013 dom)<\/p>\n<p>Missa Solene 09h00 : Liturgia: Coordenador Equipe de Liturgia(Marcos); cantos Grupo Alegria<\/p>\n<p>Prociss\u00e3o 10h30 \u2013 respons\u00e1vel Agostinho<\/p>\n<p>M\u00eas de agosto \u00e9 vocacional<\/p>\n<p>O coordenador lembrou da import\u00e2ncia dos grupos prepararem as liturgias dos finais de semana com muito carinho de acordo com a comemora\u00e7\u00e3o do dia. Principalmente de 12 a 18 de agosto onde comemoramos a Semana da Fam\u00edlia.<\/p>\n<p>Celebra\u00e7\u00e3o do anivers\u00e1rio de Dom Bosco &#8211; 16 agosto<\/p>\n<p>Ficou definido que teremos o Tr\u00edduo, com as seguintes responsabilidades de liturgia e cantos: 1\u00ba dia (13 ago \u2013 ter) ADMA\/Grupo de cantos Laura Vicun\u00e3; 2\u00ba dia (14 ago &#8211; qua) Salesianos Cooperadores\/ Grupo de cantos Santa Cec\u00edlia; 3\u00ba dia (15 ago \u2013 qui) AJS\/AJS. Dia 16 \u2013 (sex) Liturgia: Coordena\u00e7\u00e3o da Liturgia e cantos: grupo de cantos do M\u00e1rcio.<\/p>\n<p>Ora\u00e7\u00e3o Vocacional e Ora\u00e7\u00e3o a S\u00e3o Jo\u00e3o Bosco<\/p>\n<p>O coordenador do CAEP enviou uma proposta para a utiliza\u00e7\u00e3o das ora\u00e7\u00f5es acima descritas face a prepara\u00e7\u00e3o do bicenten\u00e1rio de Dom Bosco. Ficou estabelecido que a Ora\u00e7\u00e3o Vocacional seja usada ap\u00f3s as preces das missas do meio da semana e a Ora\u00e7\u00e3o a S\u00e3o Jo\u00e3o Bosco seja usada ap\u00f3s os avisos nas missas do final de semana.<\/p>\n<p>Coment\u00e1rios durante as missas<\/p>\n<p>Ficou definido que ser\u00e3o feitos apenas o coment\u00e1rio inicial, o qual pode ser enriquecido em fun\u00e7\u00e3o da celebra\u00e7\u00e3o e o coment\u00e1rio anterior a Liturgia da Palavra. Os coment\u00e1rios antes da Prepara\u00e7\u00e3o das Oferendas e dos Ritos Finais foram suprimidos.<\/p>\n<p>Liturgia da missa das 19h00 do 5\u00ba s\u00e1bado.<\/p>\n<p>A equipe do D\u00edzimo confirmou sua participa\u00e7\u00e3o nestas celebra\u00e7\u00f5es.<\/p>\n<p>&nbsp;<\/p>\n<p>Pr\u00f3xima reuni\u00e3o ser\u00e1 no dia 25 de julho<\/p>\n<p>&nbsp;<\/p>\n<p>Nada mais havendo a reuni\u00e3o foi dada como encerrada pelo coordenador e conclu\u00edda com a mensagem do p\u00e1roco onde devemos seguir Jesus Cristo e demonstrar nossa espiritualidade e com a ben\u00e7\u00e3o final.<\/p>\n","protected":false},"excerpt":{"rendered":"<p>Aos vinte e sete dias do m\u00eas de junho de 2013, \u00e0s vinte horas, na sala de reuni\u00f5es da par\u00f3quia, foi realizada a reuni\u00e3o da Equipe de Liturgia da Par\u00f3quia S\u00e3o Crist\u00f3v\u00e3o. Com a participa\u00e7\u00e3o do P\u00e1roco, Padre Adriano, e dos representantes da ADMA, AJS, Apostolado da Ora\u00e7\u00e3o, Catequese, Catequese Adultos, Comunidade Dom Bosco, Congrega\u00e7\u00e3o [&hellip;]<\/p>\n","protected":false},"author":2,"featured_media":0,"comment_status":"closed","ping_status":"closed","sticky":false,"template":"","format":"standard","meta":{"footnotes":""},"categories":[49,20,40],"tags":[],"class_list":["post-3475","post","type-post","status-publish","format-standard","hentry","category-atas-equipe-da-liturgia","category-liturgia","category-noticias"],"_links":{"self":[{"href":"https:\/\/www.paroquiasaocristovao.net\/index.php?rest_route=\/wp\/v2\/posts\/3475","targetHints":{"allow":["GET"]}}],"collection":[{"href":"https:\/\/www.paroquiasaocristovao.net\/index.php?rest_route=\/wp\/v2\/posts"}],"about":[{"href":"https:\/\/www.paroquiasaocristovao.net\/index.php?rest_route=\/wp\/v2\/types\/post"}],"author":[{"embeddable":true,"href":"https:\/\/www.paroquiasaocristovao.net\/index.php?rest_route=\/wp\/v2\/users\/2"}],"replies":[{"embeddable":true,"href":"https:\/\/www.paroquiasaocristovao.net\/index.php?rest_route=%2Fwp%2Fv2%2Fcomments&post=3475"}],"version-history":[{"count":8,"href":"https:\/\/www.paroquiasaocristovao.net\/index.php?rest_route=\/wp\/v2\/posts\/3475\/revisions"}],"predecessor-version":[{"id":4676,"href":"https:\/\/www.paroquiasaocristovao.net\/index.php?rest_route=\/wp\/v2\/posts\/3475\/revisions\/4676"}],"wp:attachment":[{"href":"https:\/\/www.paroquiasaocristovao.net\/index.php?rest_route=%2Fwp%2Fv2%2Fmedia&parent=3475"}],"wp:term":[{"taxonomy":"category","embeddable":true,"href":"https:\/\/www.paroquiasaocristovao.net\/index.php?rest_route=%2Fwp%2Fv2%2Fcategories&post=3475"},{"taxonomy":"post_tag","embeddable":true,"href":"https:\/\/www.paroquiasaocristovao.net\/index.php?rest_route=%2Fwp%2Fv2%2Ftags&post=3475"}],"curies":[{"name":"wp","href":"https:\/\/api.w.org\/{rel}","templated":true}]}}