{"id":2791,"date":"2013-05-21T15:34:10","date_gmt":"2013-05-21T18:34:10","guid":{"rendered":"http:\/\/www.paroquiasaocristovao.net\/?p=2791"},"modified":"2013-05-21T15:36:00","modified_gmt":"2013-05-21T18:36:00","slug":"entrevista-do-mes-adma","status":"publish","type":"post","link":"https:\/\/www.paroquiasaocristovao.net\/?p=2791","title":{"rendered":"Entrevista do M\u00eas: ADMA"},"content":{"rendered":"<p style=\"text-align: justify;\">Nesta edi\u00e7\u00e3o entrevistamos o Sr. Paulo Roberto Ragnini (Paulinho) um dos maiores motivadores em nossa Comunidade Paroquial da Associa\u00e7\u00e3o de Maria Auxiliadora &#8211; ADMA, para conhecer melhor esse novo grupo paroquial.<\/p>\n<p><b>Jornal de S\u00e3o Crist\u00f3v\u00e3o (JSC)<\/b>: Como surgiu a ADMA e qual a sua finalidade?<\/p>\n<p style=\"text-align: justify;\"><b>Paulo<\/b>: A ADMA foi fundada por Dom Bosco como instrumento privilegiado para \u201cpromover a venera\u00e7\u00e3o ao Sant\u00edssimo Sacramento e a Maria Auxiliadora dos Crist\u00e3os\u201d. Canonicamente erigida no Santu\u00e1rio de Maria Auxiliadora, em Turim, em 18 de abril de 1869. A ADMA \u00e9 um grupo pertencente \u00e0 Fam\u00edlia Salesiana.<\/p>\n<p>&nbsp;<\/p>\n<p><b>JSC<\/b>: Quem pode participar da ADMA e quais os compromissos que eles assumem?<\/p>\n<p style=\"text-align: justify;\"><b>Paulo<\/b>: Todas as pessoas batizadas podem participar da Associa\u00e7\u00e3o. Os associados fazem parte da Fam\u00edlia Salesiana. Com a filia\u00e7\u00e3o se comprometem em honrar Maria, Auxiliadora e M\u00e3e da Igreja, atrav\u00e9s da participa\u00e7\u00e3o na miss\u00e3o juvenil e popular de Dom Bosco, sobretudo no seu empenho de incrementar e defender a f\u00e9 crist\u00e3 em meio ao povo. Estamos assumindo a organiza\u00e7\u00e3o das celebra\u00e7\u00f5es dos dias 24 de cada m\u00eas, desde que n\u00e3o caia no final de semana, quando j\u00e1 existem grupos definidos; assumimos um dia do Tr\u00edduo de Dom Bosco em agosto, al\u00e9m, de praticar todos os pontos do regulamento da Associa\u00e7\u00e3o e participar e contribuir com a Coordena\u00e7\u00e3o Paroquial.<\/p>\n<p><b>JSC<\/b>: Quando e onde s\u00e3o realizadas as reuni\u00f5es da ADMA?<\/p>\n<p><b>Paulo<\/b>: As reuni\u00f5es s\u00e3o mensais, geralmente realizadas na sala de reuni\u00f5es da Par\u00f3quia, todos os primeiros domingos de cada m\u00eas \u00e0s 15h.<\/p>\n<p><b>JSC<\/b>: Suas considera\u00e7\u00f5es finais:<\/p>\n<p style=\"text-align: justify;\"><b>Paulo<\/b>: A ADMA n\u00e3o \u00e9 apenas um novo grupo paroquial, ela \u00e9 um \u201cpr\u00eamio\u201d a todas as pessoas que fazem parte da nossa Comunidade, que est\u00e3o inseridos ou n\u00e3o em algum grupo. Pois, fazer parte da Fam\u00edlia Salesiana e ter o seu nome inscrito no Santu\u00e1rio de Turim, \u00e9 uma grande honra.<\/p>\n<p style=\"text-align: justify;\">Vamos pedir a intercess\u00e3o de Nossa Senhora por todos os nossos paroquianos: \u201cDebaixo da vossa prote\u00e7\u00e3o nos refugiamos, \u00f3 Santa M\u00e3e de Deus. N\u00e3o desprezeis as nossas s\u00faplicas em nossas necessidades, mas livrai-nos sempre de todos os perigos, \u00f3 Virgem gloriosa e bendita\u201d. Maria, Auxiliadora dos Crist\u00e3os. Rogai por n\u00f3s.<\/p>\n","protected":false},"excerpt":{"rendered":"<p>Nesta edi\u00e7\u00e3o entrevistamos o Sr. Paulo Roberto Ragnini (Paulinho) um dos maiores motivadores em nossa Comunidade Paroquial da Associa\u00e7\u00e3o de Maria Auxiliadora &#8211; ADMA, para conhecer melhor esse novo grupo paroquial. Jornal de S\u00e3o Crist\u00f3v\u00e3o (JSC): Como surgiu a ADMA e qual a sua finalidade? Paulo: A ADMA foi fundada por Dom Bosco como instrumento [&hellip;]<\/p>\n","protected":false},"author":18,"featured_media":0,"comment_status":"closed","ping_status":"closed","sticky":false,"template":"","format":"standard","meta":{"footnotes":""},"categories":[51,45],"tags":[],"class_list":["post-2791","post","type-post","status-publish","format-standard","hentry","category-adma","category-entrevistas"],"_links":{"self":[{"href":"https:\/\/www.paroquiasaocristovao.net\/index.php?rest_route=\/wp\/v2\/posts\/2791","targetHints":{"allow":["GET"]}}],"collection":[{"href":"https:\/\/www.paroquiasaocristovao.net\/index.php?rest_route=\/wp\/v2\/posts"}],"about":[{"href":"https:\/\/www.paroquiasaocristovao.net\/index.php?rest_route=\/wp\/v2\/types\/post"}],"author":[{"embeddable":true,"href":"https:\/\/www.paroquiasaocristovao.net\/index.php?rest_route=\/wp\/v2\/users\/18"}],"replies":[{"embeddable":true,"href":"https:\/\/www.paroquiasaocristovao.net\/index.php?rest_route=%2Fwp%2Fv2%2Fcomments&post=2791"}],"version-history":[{"count":2,"href":"https:\/\/www.paroquiasaocristovao.net\/index.php?rest_route=\/wp\/v2\/posts\/2791\/revisions"}],"predecessor-version":[{"id":2793,"href":"https:\/\/www.paroquiasaocristovao.net\/index.php?rest_route=\/wp\/v2\/posts\/2791\/revisions\/2793"}],"wp:attachment":[{"href":"https:\/\/www.paroquiasaocristovao.net\/index.php?rest_route=%2Fwp%2Fv2%2Fmedia&parent=2791"}],"wp:term":[{"taxonomy":"category","embeddable":true,"href":"https:\/\/www.paroquiasaocristovao.net\/index.php?rest_route=%2Fwp%2Fv2%2Fcategories&post=2791"},{"taxonomy":"post_tag","embeddable":true,"href":"https:\/\/www.paroquiasaocristovao.net\/index.php?rest_route=%2Fwp%2Fv2%2Ftags&post=2791"}],"curies":[{"name":"wp","href":"https:\/\/api.w.org\/{rel}","templated":true}]}}