{"id":14575,"date":"2020-11-29T11:49:21","date_gmt":"2020-11-29T14:49:21","guid":{"rendered":"http:\/\/www.paroquiasaocristovao.net\/?p=14575"},"modified":"2020-12-02T12:20:37","modified_gmt":"2020-12-02T15:20:37","slug":"novenas-de-natal-2020","status":"publish","type":"post","link":"https:\/\/www.paroquiasaocristovao.net\/?p=14575","title":{"rendered":"Novenas de Natal 2020."},"content":{"rendered":"<p><img loading=\"lazy\" decoding=\"async\" class=\"wp-image-14583 size-full alignleft\" src=\"http:\/\/www.paroquiasaocristovao.net\/wp-content\/uploads\/2020\/11\/novenas-de-natal2020.jpg\" alt=\"\" width=\"448\" height=\"263\" srcset=\"https:\/\/www.paroquiasaocristovao.net\/wp-content\/uploads\/2020\/11\/novenas-de-natal2020.jpg 448w, https:\/\/www.paroquiasaocristovao.net\/wp-content\/uploads\/2020\/11\/novenas-de-natal2020-300x176.jpg 300w\" sizes=\"auto, (max-width: 448px) 100vw, 448px\" \/>Neste ano de variados desafios, iniciando o tempo do Advento, que nos prepara para a primeira vinda do Senhor, se torna urgente e necess\u00e1rio continuarmos nossas atividades paroquias, especialmente a Novena do Natal.<\/p>\n<p>Nossas Novenas de Natal ser\u00e3o feitas virtualmente, colocando as tecnologias \u00e0 servi\u00e7o da evangeliza\u00e7\u00e3o.<\/p>\n<p>Teremos cinco grupos de Novena com nomes de santos. Cada grupo tem seu hor\u00e1rio e cronograma pr\u00f3prios.<\/p>\n<p>Voc\u00ea poder\u00e1 participar do grupo que lhe for mais conveniente.<\/p>\n<p>A fim de facilitar sua programa\u00e7\u00e3o de ora\u00e7\u00e3o, segue consolidado as datas, hor\u00e1rio, nome do grupo e respectivo dia da Novena.\u00a0 Os links de acesso ser\u00e3o divulgados oportunamente.<\/p>\n<table>\n<tbody>\n<tr>\n<td width=\"104\"><strong>Data<\/strong><\/td>\n<td width=\"350\"><strong>Hor\u00e1rio \u2013 Grupo \u2013 dia da Novena<\/strong><\/td>\n<td width=\"113\">\u00a0Link para participar:<\/td>\n<\/tr>\n<tr>\n<td width=\"104\">28\/11<\/td>\n<td width=\"350\"><strong>20:00h \u2013 Grupo Laura Vicu\u00f1a \u2013 1\u00ba dia<\/strong><\/td>\n<td style=\"text-align: center;\" width=\"113\"><a href=\"https:\/\/meet.google.com\/avy-mjyo-xmf\" target=\"_blank\" rel=\"noopener\">&lt;Clique aqui&gt;<\/a><\/td>\n<\/tr>\n<tr>\n<td width=\"104\">29\/11<\/td>\n<td width=\"350\"><strong>20:00h \u2013 Grupo Laura Vicu\u00f1a \u2013 2\u00ba dia<\/strong><\/td>\n<td width=\"113\"><a href=\"https:\/\/meet.google.com\/avy-mjyo-xmf\" target=\"_blank\" rel=\"noopener\">&lt;Clique aqui&gt;<\/a><\/td>\n<\/tr>\n<tr>\n<td width=\"104\"><span style=\"color: #808000;\">30\/11<\/span><\/td>\n<td width=\"350\"><span style=\"color: #808000;\"><strong>20:00h \u2013 Grupo Mateus Moreira \u2013 1\u00ba dia<\/strong><\/span><\/td>\n<td width=\"113\"><\/td>\n<\/tr>\n<tr>\n<td width=\"104\">01\/12<\/td>\n<td width=\"350\"><span style=\"color: #0000ff;\"><strong>20:00h \u2013 Grupo Miguel R\u00faa \u2013 1\u00ba dia<\/strong><\/span><\/p>\n<p><span style=\"color: #808000;\"><strong>20:00h \u2013 Grupo Mateus Moreira \u2013 2\u00ba dia<\/strong><\/span><\/td>\n<td width=\"113\"><a href=\"http:\/\/meet.google.com\/sib-hgsm-zbk\" target=\"_blank\" rel=\"noopener\">&lt;Clique aqui&gt;<\/a><\/p>\n<p>&nbsp;<\/td>\n<\/tr>\n<tr>\n<td width=\"104\">02\/12<\/td>\n<td width=\"350\"><span style=\"color: #ff0000;\"><strong>19:00h \u2013 Grupo S\u00e3o Jos\u00e9 Cafasso -1\u00ba dia<\/strong><\/span><\/p>\n<p><span style=\"color: #800080;\"><strong>20:00h \u2013 Grupo Domingos S\u00e1vio \u2013 1\u00ba dia<\/strong><\/span><\/p>\n<p><span style=\"color: #0000ff;\"><strong>20:00h \u2013 Grupo Miguel R\u00faa \u2013 2\u00ba dia<\/strong><\/span><\/td>\n<td width=\"113\"><a href=\"https:\/\/meet.google.com\/vqg-eooo-nyc\" target=\"_blank\" rel=\"noopener\">&lt;Clique aqui&gt;<\/a><\/p>\n<p><a href=\"https:\/\/meet.google.com\/uzs-vehj-bbs\" target=\"_blank\" rel=\"noopener\">&lt;Clique aqui&gt;<\/a><\/p>\n<p><a href=\"http:\/\/meet.google.com\/sib-hgsm-zbk\" target=\"_blank\" rel=\"noopener\">&lt;Clique aqui&gt;<\/a><\/td>\n<\/tr>\n<tr>\n<td width=\"104\">03\/12<\/td>\n<td width=\"350\"><span style=\"color: #ff0000;\"><strong>19:00h \u2013 Grupo S\u00e3o Jos\u00e9 Cafasso \u2013 2\u00ba dia<\/strong><\/span><\/p>\n<p><span style=\"color: #800080;\"><strong>20:00h \u2013 Grupo Domingos S\u00e1vio \u2013 2\u00ba dia<\/strong><\/span><\/p>\n<p><span style=\"color: #0000ff;\"><strong>20:00h \u2013 Grupo Miguel R\u00faa \u2013 3\u00ba dia<\/strong><\/span><\/p>\n<p><span style=\"color: #808000;\"><strong>20:00h \u2013 Grupo Mateus Moreira \u2013 3\u00ba dia<\/strong><\/span><\/td>\n<td width=\"113\">&nbsp;<\/p>\n<p><a href=\"http:\/\/meet.google.com\/psh-oocf-aqm\" target=\"_blank\" rel=\"noopener\">&lt;Clique aqui&gt;<\/a><\/p>\n<p><a href=\"http:\/\/meet.google.com\/sib-hgsm-zbk\" target=\"_blank\" rel=\"noopener\">&lt;Clique aqui&gt;<\/a><\/p>\n<p>&nbsp;<\/td>\n<\/tr>\n<tr>\n<td width=\"104\">04\/12<\/td>\n<td width=\"350\"><span style=\"color: #ff0000;\"><strong>19:00h \u2013 Grupo S\u00e3o Jos\u00e9 Cafasso \u00a0\u2013 3\u00ba dia<\/strong><\/span><\/p>\n<p><span style=\"color: #800080;\"><strong>20:00h \u2013 Grupo Domingos S\u00e1vio \u2013 3\u00ba dia<\/strong><\/span><\/p>\n<p><strong>\u00a0<span style=\"color: #808000;\"> 20:00h \u2013 Grupo Mateus Moreira \u2013 4\u00ba dia<\/span><\/strong><\/td>\n<td width=\"113\"><a href=\"https:\/\/meet.google.com\/udj-vxhg-xda\" target=\"_blank\" rel=\"noopener\">&lt;Clique aqui&gt;<\/a><\/td>\n<\/tr>\n<tr>\n<td width=\"104\">05\/12<\/td>\n<td width=\"350\"><strong>20:00h &#8211; \u00a0Grupo Laura Vicu\u00f1a \u2013 3\u00ba dia<\/strong><\/td>\n<td width=\"113\"><a href=\"https:\/\/meet.google.com\/avy-mjyo-xmf\" target=\"_blank\" rel=\"noopener\">&lt;Clique aqui&gt;<\/a><\/td>\n<\/tr>\n<tr>\n<td width=\"104\">06\/12<\/td>\n<td width=\"350\"><strong>20:00h &#8211; Grupo Laura Vicu\u00f1a \u2013 4\u00ba dia<\/strong><\/td>\n<td width=\"113\"><a href=\"https:\/\/meet.google.com\/avy-mjyo-xmf\" target=\"_blank\" rel=\"noopener\">&lt;Clique aqui&gt;<\/a><\/td>\n<\/tr>\n<tr>\n<td width=\"104\"><span style=\"color: #808000;\">07\/12<\/span><\/td>\n<td width=\"350\"><span style=\"color: #808000;\"><strong>20:00h \u2013 Grupo Mateus Moreira \u2013 5\u00ba dia<\/strong><\/span><\/td>\n<td width=\"113\"><\/td>\n<\/tr>\n<tr>\n<td width=\"104\">08\/12<\/td>\n<td width=\"350\"><span style=\"color: #0000ff;\"><strong>20:00h \u2013 Grupo Miguel R\u00faa \u00a0\u2013 4\u00ba dia<\/strong><\/span><\/p>\n<p><span style=\"color: #808000;\"><strong>20:00h \u2013 Grupo Mateus Moreira \u2013 6\u00ba dia<\/strong><\/span><\/td>\n<td width=\"113\"><a href=\"http:\/\/meet.google.com\/sib-hgsm-zbk\" target=\"_blank\" rel=\"noopener\">&lt;Clique aqui&gt;<\/a><\/p>\n<p>&nbsp;<\/td>\n<\/tr>\n<tr>\n<td width=\"104\">09\/12<\/td>\n<td width=\"350\"><span style=\"color: #ff0000;\"><strong>19:00h \u2013 Grupo S\u00e3o Jos\u00e9 Cafasso \u2013 4\u00ba dia <\/strong><\/span><\/p>\n<p><span style=\"color: #800080;\"><strong>20:00h \u2013 Grupo Domingos S\u00e1vio \u2013 4\u00ba dia<\/strong><\/span><\/p>\n<p><span style=\"color: #0000ff;\"><strong>20:00h \u2013 Grupo Miguel R\u00faa \u2013 5\u00ba dia<\/strong><\/span><\/td>\n<td width=\"113\">&nbsp;<\/p>\n<p><a href=\"https:\/\/meet.google.com\/oev-txbt-qvg\" target=\"_blank\" rel=\"noopener\">&lt;Clique aqui&gt;<\/a><\/p>\n<p><a href=\"http:\/\/meet.google.com\/sib-hgsm-zbk\" target=\"_blank\" rel=\"noopener\">&lt;Clique aqui&gt;<\/a><\/td>\n<\/tr>\n<tr>\n<td width=\"104\">10\/12<\/td>\n<td width=\"350\"><span style=\"color: #ff0000;\"><strong>19:00h \u2013 Grupo S\u00e3o Jos\u00e9 Cafasso \u2013 5\u00ba dia<\/strong><\/span><\/p>\n<p><span style=\"color: #800080;\"><strong>20:00h \u2013 Grupo Domingos S\u00e1vio \u2013 5\u00ba dia<\/strong><\/span><\/p>\n<p><span style=\"color: #0000ff;\"><strong>20:00h \u2013 Grupo Miguel R\u00faa \u2013 6\u00ba dia<\/strong><\/span><\/p>\n<p><span style=\"color: #808000;\"><strong>20:00h \u2013 Grupo Mateus Moreira \u2013 7\u00ba dia<\/strong><\/span><\/td>\n<td width=\"113\">&nbsp;<\/p>\n<p><a href=\"https:\/\/meet.google.com\/xsp-tkpk-pra\" target=\"_blank\" rel=\"noopener\">&lt;Clique aqui&gt;<\/a><\/p>\n<p><a href=\"http:\/\/meet.google.com\/sib-hgsm-zbk\" target=\"_blank\" rel=\"noopener\">&lt;Clique aqui&gt;<\/a><\/p>\n<p>&nbsp;<\/td>\n<\/tr>\n<tr>\n<td width=\"104\">11\/12<\/td>\n<td width=\"350\"><span style=\"color: #ff0000;\"><strong>19:00h \u2013 Grupo S\u00e3o Jos\u00e9 Cafasso \u2013 6\u00ba dia<\/strong><\/span><\/p>\n<p><span style=\"color: #800080;\"><strong>20:00h \u2013 Grupo Domingos S\u00e1vio \u2013 6\u00ba dia<\/strong><\/span><\/p>\n<p><span style=\"color: #808000;\"><strong>20:00h \u2013 Grupo Mateus Moreira \u2013 8\u00ba<\/strong><\/span><\/td>\n<td width=\"113\"><a href=\"https:\/\/meet.google.com\/txa-jakc-nyb\" target=\"_blank\" rel=\"noopener\">&lt;Clique aqui&gt;<\/a><\/td>\n<\/tr>\n<tr>\n<td width=\"104\">12\/12<\/td>\n<td width=\"350\"><strong>20:00h &#8211; Grupo Laura Vicu\u00f1a \u2013 5\u00ba dia<\/strong><\/td>\n<td width=\"113\"><a href=\"https:\/\/meet.google.com\/avy-mjyo-xmf\" target=\"_blank\" rel=\"noopener\">&lt;Clique aqui&gt;<\/a><\/td>\n<\/tr>\n<tr>\n<td width=\"104\">13\/12<\/td>\n<td width=\"350\"><strong>20:00h &#8211; Grupo Laura Vicu\u00f1a \u2013 6\u00ba dia<\/strong><\/td>\n<td width=\"113\"><a href=\"https:\/\/meet.google.com\/avy-mjyo-xmf\" target=\"_blank\" rel=\"noopener\">&lt;Clique aqui&gt;<\/a><\/td>\n<\/tr>\n<tr>\n<td width=\"104\"><span style=\"color: #808000;\">14\/12<\/span><\/td>\n<td width=\"350\"><span style=\"color: #808000;\"><strong>20:00h \u2013 Grupo Mateus Moreira \u2013 9\u00ba dia<\/strong><\/span><\/td>\n<td width=\"113\"><\/td>\n<\/tr>\n<tr>\n<td width=\"104\"><\/td>\n<td width=\"350\"><span style=\"color: #0000ff;\"><strong>20:00h \u2013 Grupo Miguel R\u00faa \u2013 7\u00ba dia<\/strong><\/span><\/td>\n<td width=\"113\"><a href=\"http:\/\/meet.google.com\/sib-hgsm-zbk\" target=\"_blank\" rel=\"noopener\">&lt;Clique aqui&gt;<\/a><\/td>\n<\/tr>\n<tr>\n<td width=\"104\">16\/12<\/td>\n<td width=\"350\"><span style=\"color: #ff0000;\"><strong>19:00h \u2013 Grupo S\u00e3o Jos\u00e9 Cafasso \u2013 7\u00ba dia<\/strong><\/span><\/p>\n<p><span style=\"color: #800080;\"><strong>20:00h \u2013 Grupo Domingos S\u00e1vio \u2013 7\u00ba dia<\/strong><\/span><\/p>\n<p><span style=\"color: #0000ff;\"><strong>20:00h \u2013 Grupo Miguel R\u00faa \u00a0\u2013 8\u00ba dia<\/strong><\/span><\/td>\n<td width=\"113\">&nbsp;<\/p>\n<p><a href=\"https:\/\/meet.google.com\/pyd-cdsj-rhi\" target=\"_blank\" rel=\"noopener\">&lt;Clique aqui&gt;<\/a><\/p>\n<p><a href=\"http:\/\/meet.google.com\/sib-hgsm-zbk\" target=\"_blank\" rel=\"noopener\">&lt;Clique aqui&gt;<\/a><\/td>\n<\/tr>\n<tr>\n<td width=\"104\">17\/12<\/td>\n<td width=\"350\"><span style=\"color: #ff0000;\"><strong>19:00h \u2013 Grupo S\u00e3o Jos\u00e9 Cafasso \u2013 8\u00ba dia<\/strong><\/span><\/p>\n<p><span style=\"color: #800080;\"><strong>20:00h \u2013 Grupo Domingos S\u00e1vio \u2013 8\u00ba dia<\/strong><\/span><\/p>\n<p><span style=\"color: #0000ff;\"><strong>20:00h \u2013 Grupo Miguel R\u00faa \u2013 9\u00ba dia<\/strong><\/span><\/td>\n<td width=\"113\">&nbsp;<\/p>\n<p><a href=\"https:\/\/meet.google.com\/rxn-rowf-wyv\" target=\"_blank\" rel=\"noopener\">&lt;Clique aqui&gt;<\/a><\/p>\n<p><a href=\"http:\/\/meet.google.com\/sib-hgsm-zbk\" target=\"_blank\" rel=\"noopener\">&lt;Clique aqui&gt;<\/a><\/td>\n<\/tr>\n<tr>\n<td width=\"104\">18\/12<\/td>\n<td width=\"350\"><span style=\"color: #ff0000;\"><strong>19:00h \u2013 Grupo S\u00e3o Jos\u00e9 Cafasso \u2013 9\u00ba dia<\/strong><\/span><\/p>\n<p><span style=\"color: #800080;\"><strong>20:00h \u2013 Grupo Domingos S\u00e1vio \u2013 9\u00ba dia<\/strong><\/span><\/td>\n<td width=\"113\">&nbsp;<\/p>\n<p><a href=\"https:\/\/meet.google.com\/hui-aosp-ugc\" target=\"_blank\" rel=\"noopener\">&lt;Clique aqui&gt;<\/a><\/td>\n<\/tr>\n<tr>\n<td width=\"104\">19\/12<\/td>\n<td width=\"350\"><strong>20:00h \u2013 Grupo Laura Vicu\u00f1a \u2013 7\u00ba dia<\/strong><\/td>\n<td width=\"113\"><a href=\"https:\/\/meet.google.com\/avy-mjyo-xmf\" target=\"_blank\" rel=\"noopener\">&lt;Clique aqui&gt;<\/a><\/td>\n<\/tr>\n<tr>\n<td width=\"104\">20\/12<\/td>\n<td width=\"350\"><strong>20:00h \u2013 Grupo Laura Vicu\u00f1a &#8211; 8\u00ba e 9\u00ba dias<\/strong><\/td>\n<td width=\"113\"><a href=\"https:\/\/meet.google.com\/avy-mjyo-xmf\" target=\"_blank\" rel=\"noopener\">&lt;Clique aqui&gt;<\/a><\/td>\n<\/tr>\n<\/tbody>\n<\/table>\n","protected":false},"excerpt":{"rendered":"<p>Neste ano de variados desafios, iniciando o tempo do Advento, que nos prepara para a primeira vinda do Senhor, se torna urgente e necess\u00e1rio continuarmos nossas atividades paroquias, especialmente a Novena do Natal. Nossas Novenas de Natal ser\u00e3o feitas virtualmente, colocando as tecnologias \u00e0 servi\u00e7o da evangeliza\u00e7\u00e3o. Teremos cinco grupos de Novena com nomes de [&hellip;]<\/p>\n","protected":false},"author":18,"featured_media":0,"comment_status":"closed","ping_status":"closed","sticky":false,"template":"","format":"standard","meta":{"footnotes":""},"categories":[85,20],"tags":[],"class_list":["post-14575","post","type-post","status-publish","format-standard","hentry","category-advento","category-liturgia"],"_links":{"self":[{"href":"https:\/\/www.paroquiasaocristovao.net\/index.php?rest_route=\/wp\/v2\/posts\/14575","targetHints":{"allow":["GET"]}}],"collection":[{"href":"https:\/\/www.paroquiasaocristovao.net\/index.php?rest_route=\/wp\/v2\/posts"}],"about":[{"href":"https:\/\/www.paroquiasaocristovao.net\/index.php?rest_route=\/wp\/v2\/types\/post"}],"author":[{"embeddable":true,"href":"https:\/\/www.paroquiasaocristovao.net\/index.php?rest_route=\/wp\/v2\/users\/18"}],"replies":[{"embeddable":true,"href":"https:\/\/www.paroquiasaocristovao.net\/index.php?rest_route=%2Fwp%2Fv2%2Fcomments&post=14575"}],"version-history":[{"count":8,"href":"https:\/\/www.paroquiasaocristovao.net\/index.php?rest_route=\/wp\/v2\/posts\/14575\/revisions"}],"predecessor-version":[{"id":14599,"href":"https:\/\/www.paroquiasaocristovao.net\/index.php?rest_route=\/wp\/v2\/posts\/14575\/revisions\/14599"}],"wp:attachment":[{"href":"https:\/\/www.paroquiasaocristovao.net\/index.php?rest_route=%2Fwp%2Fv2%2Fmedia&parent=14575"}],"wp:term":[{"taxonomy":"category","embeddable":true,"href":"https:\/\/www.paroquiasaocristovao.net\/index.php?rest_route=%2Fwp%2Fv2%2Fcategories&post=14575"},{"taxonomy":"post_tag","embeddable":true,"href":"https:\/\/www.paroquiasaocristovao.net\/index.php?rest_route=%2Fwp%2Fv2%2Ftags&post=14575"}],"curies":[{"name":"wp","href":"https:\/\/api.w.org\/{rel}","templated":true}]}}