{"id":13987,"date":"2020-06-29T18:27:27","date_gmt":"2020-06-29T21:27:27","guid":{"rendered":"http:\/\/www.paroquiasaocristovao.net\/?p=13987"},"modified":"2020-07-15T09:52:30","modified_gmt":"2020-07-15T12:52:30","slug":"solenidade-de-sao-pedro-e-sao-paulo","status":"publish","type":"post","link":"https:\/\/www.paroquiasaocristovao.net\/?p=13987","title":{"rendered":"Solenidade de S\u00e3o Pedro e S\u00e3o Paulo"},"content":{"rendered":"<p><a href=\"https:\/\/photos.app.goo.gl\/wTChwtZtysPPfiGEA\" target=\"_blank\" rel=\"noopener\"><img loading=\"lazy\" decoding=\"async\" class=\"alignleft wp-image-13988 size-medium\" src=\"http:\/\/www.paroquiasaocristovao.net\/wp-content\/uploads\/2020\/06\/DSCN9342-300x225.jpg\" alt=\"\" width=\"300\" height=\"225\" \/><\/a>S\u00e3o Pedro e S\u00e3o Paulo foram santos que regaram a Igreja com o pr\u00f3prio sangue e combateram o bom combate de Cristo, congregando a fam\u00edlia de Deus \u2013 f\u00e9 viva de S\u00e3o Pedro e o ardor mission\u00e1rio de Paulo. Fazemos mem\u00f3ria no dia de hoje, do Papa Francisco \u2013 sucessor de S\u00e3o Pedro. Ao final da celebra\u00e7\u00e3o, houve distribui\u00e7\u00e3o da Eucaristia e venda do risoto, promovido pelo Movimento de Irm\u00e3os. Presidente da Celebra\u00e7\u00e3o Eucar\u00edstica: Padre Luiz J. Bizarello. Concelebrantes: Padre S\u00e9rgio Ramos de Souza, Padre Jos\u00e9 R. Hess e Padre As\u00eddio Deretti. Fotos <a href=\"https:\/\/photos.app.goo.gl\/wTChwtZtysPPfiGEA\" target=\"_blank\" rel=\"noopener\">aqui<\/a>.<\/p>\n","protected":false},"excerpt":{"rendered":"<p>S\u00e3o Pedro e S\u00e3o Paulo foram santos que regaram a Igreja com o pr\u00f3prio sangue e combateram o bom combate de Cristo, congregando a fam\u00edlia de Deus \u2013 f\u00e9 viva de S\u00e3o Pedro e o ardor mission\u00e1rio de Paulo. Fazemos mem\u00f3ria no dia de hoje, do Papa Francisco \u2013 sucessor de S\u00e3o Pedro. Ao final [&hellip;]<\/p>\n","protected":false},"author":2,"featured_media":0,"comment_status":"closed","ping_status":"closed","sticky":false,"template":"","format":"standard","meta":{"footnotes":""},"categories":[35,92,20,40,52],"tags":[],"class_list":["post-13987","post","type-post","status-publish","format-standard","hentry","category-comunidade-dom-bosco","category-fotos","category-liturgia","category-noticias","category-pascom"],"_links":{"self":[{"href":"https:\/\/www.paroquiasaocristovao.net\/index.php?rest_route=\/wp\/v2\/posts\/13987","targetHints":{"allow":["GET"]}}],"collection":[{"href":"https:\/\/www.paroquiasaocristovao.net\/index.php?rest_route=\/wp\/v2\/posts"}],"about":[{"href":"https:\/\/www.paroquiasaocristovao.net\/index.php?rest_route=\/wp\/v2\/types\/post"}],"author":[{"embeddable":true,"href":"https:\/\/www.paroquiasaocristovao.net\/index.php?rest_route=\/wp\/v2\/users\/2"}],"replies":[{"embeddable":true,"href":"https:\/\/www.paroquiasaocristovao.net\/index.php?rest_route=%2Fwp%2Fv2%2Fcomments&post=13987"}],"version-history":[{"count":1,"href":"https:\/\/www.paroquiasaocristovao.net\/index.php?rest_route=\/wp\/v2\/posts\/13987\/revisions"}],"predecessor-version":[{"id":13989,"href":"https:\/\/www.paroquiasaocristovao.net\/index.php?rest_route=\/wp\/v2\/posts\/13987\/revisions\/13989"}],"wp:attachment":[{"href":"https:\/\/www.paroquiasaocristovao.net\/index.php?rest_route=%2Fwp%2Fv2%2Fmedia&parent=13987"}],"wp:term":[{"taxonomy":"category","embeddable":true,"href":"https:\/\/www.paroquiasaocristovao.net\/index.php?rest_route=%2Fwp%2Fv2%2Fcategories&post=13987"},{"taxonomy":"post_tag","embeddable":true,"href":"https:\/\/www.paroquiasaocristovao.net\/index.php?rest_route=%2Fwp%2Fv2%2Ftags&post=13987"}],"curies":[{"name":"wp","href":"https:\/\/api.w.org\/{rel}","templated":true}]}}