{"id":13726,"date":"2020-04-01T11:33:23","date_gmt":"2020-04-01T14:33:23","guid":{"rendered":"http:\/\/www.paroquiasaocristovao.net\/?p=13726"},"modified":"2020-04-01T11:33:23","modified_gmt":"2020-04-01T14:33:23","slug":"boletim-mensal-da-congregacao-mariana-no-180-mes-de-abril-de-2020","status":"publish","type":"post","link":"https:\/\/www.paroquiasaocristovao.net\/?p=13726","title":{"rendered":"BOLETIM MENSAL DA CONGREGA\u00c7\u00c3O MARIANA n\u00ba 180 m\u00eas de abril de 2020"},"content":{"rendered":"<p><img loading=\"lazy\" decoding=\"async\" class=\"aligncenter wp-image-7018\" src=\"http:\/\/www.paroquiasaocristovao.net\/wp-content\/uploads\/2014\/08\/congrecacao_mariana-150x150.jpg\" alt=\"\" width=\"451\" height=\"94\" srcset=\"https:\/\/www.paroquiasaocristovao.net\/wp-content\/uploads\/2014\/08\/congrecacao_mariana-300x62.jpg 300w, https:\/\/www.paroquiasaocristovao.net\/wp-content\/uploads\/2014\/08\/congrecacao_mariana-600x125.jpg 600w, https:\/\/www.paroquiasaocristovao.net\/wp-content\/uploads\/2014\/08\/congrecacao_mariana.jpg 901w\" sizes=\"auto, (max-width: 451px) 100vw, 451px\" \/><\/p>\n<p><u>Mensagem sobre a F\u00c9<\/u><\/p>\n<p>A f\u00e9 n\u00e3o se explica, vive-se. Crer em Deus significa tamb\u00e9m crer no mundo criado, crer na vida, na beleza e na felicidade. Uma vez firmados na f\u00e9, nada mais nos pode enganar.<\/p>\n<p>A f\u00e9 n\u00e3o est\u00e1 no corpo que se inclina, mas na alma que cr\u00ea. E \u00e9 da f\u00e9 que extra\u00edmos a do\u00e7ura da vida, o sabor do sagrado, o sentido da exist\u00eancia.<\/p>\n<p>\u00c9 a f\u00e9 que nos oferece o deseja da eternidade. Muitos procuram a Deus e n\u00e3o sabem onde encontr\u00e1-lo e, por n\u00e3o encontr\u00e1-lo, caem na descren\u00e7a. Na descren\u00e7a o ofendem. Na ofensa, trope\u00e7am e no trope\u00e7o, caem. Na queda sentem-se fracos e, na fraqueza, buscam socorro. No socorro encontram carinho. No carinho renasce o amor, no amor vislumbram um mundo novo. Nesse novo mundo, resolvem viver. O que recebem, resolvem doar. Doando, muito recebem e, recebendo, sentem-se felizes. E ao serem felizes encontram a paz e, tendo a paz, \u00e9 que descobrem a f\u00e9 e a alegria de viver.<\/p>\n<p>(Ant\u00f4nio Francisco Bohn)<\/p>\n<p><u>ANIVERSARIANTES DO M\u00caS:<\/u><\/p>\n<p>03\/04 \u2013 CM JOS\u00c9 AUGUSTO R. SCHIMALESK<\/p>\n<p>11\/04 \u2013 CM FELIPE KOSOWSKI<\/p>\n<p>18\/04 \u2013 Irm\u00e3 MARTA MARIA HAMMES \u2013 Filha do Cora\u00e7\u00e3o de Maria;<\/p>\n<p>19\/04 \u2013 Irm\u00e3 MARIA ANAST\u00c1CIA HAMMES \u2013 Filha do Cora\u00e7\u00e3o de Maria;<\/p>\n<p>24\/04 \u2013 CM M\u00c1RIO IVANCHECHEN<\/p>\n<p>Parab\u00e9ns aos aniversariantes, rogamos \u00e0 Maria Sant\u00edssima muitas b\u00ean\u00e7\u00e3os e gra\u00e7as Santificantes.<\/p>\n<p><u>ATEN\u00c7\u00c3O: CONGREGADOS E CONGREGADAS MARIANOS:<\/u><\/p>\n<p>Comunicamos a suspen\u00e7\u00e3o de todas as atividades da Congrega\u00e7\u00e3o Mariana Maria Auxiliadora dos Crist\u00e3os e S\u00e3o Jo\u00e3o Bosco da Par\u00f3quia S\u00e3o Crist\u00f3v\u00e3o at\u00e9 segunda ordem ou quando estiver normalizada a situa\u00e7\u00e3o de risco do Corona v\u00edrus; que est\u00e1 assolando toda a humanidade. Estamos acompanhando e obedecendo a determina\u00e7\u00e3o do nosso P\u00e1roco Pe. Sebasti\u00e3o Alaertes Bueno de Camargo que suspendeu todas as atividades paroquiais para n\u00e3o corrermos o risco da prolifera\u00e7\u00e3o dessa doen\u00e7a indesejada, que s\u00f3 poder\u00e1 desaparecer com os cuidados de higiene pessoal e o isolamento das pessoas em suas casas. \u00c9 um v\u00edrus que se transmite por contato com a pessoa infectada, ou pelo contato das m\u00e3os em pe\u00e7as e objetos onde o v\u00edrus est\u00e1 alojado atrav\u00e9s de espirro ou contato das m\u00e3os de pessoa infectada. Ainda n\u00e3o existe ant\u00eddoto, para combater os efeitos mal\u00e9ficos dessa doen\u00e7a, que ataca principalmente as pessoas idosas e com imunidade baixa, causando insufici\u00eancia respirat\u00f3ria e, levando-a a \u00f3bito na maioria dos casos.<\/p>\n<p>Fica ent\u00e3o suspensas: Reuni\u00e3o da Diretoria, Reuni\u00e3o Geral, Missas, Ter\u00e7os nas fam\u00edlias nas quartas-feiras.<\/p>\n<p>A Federa\u00e7\u00e3o Mariana suspendeu todos os eventos programados para este ano: Manh\u00e3 de forma\u00e7\u00e3o na Federa\u00e7\u00e3o dia 29\/03, ter\u00e7os radiof\u00f4nicos: ser\u00e3o gravados, Hora Santa na Igreja da Ordem, Dia Nacional do CM 24\/05, Romaria \u00e0 Paranagu\u00e1 e Visitas \u00e0s Congrega\u00e7\u00f5es Marianas.<\/p>\n<p><u>ATEN\u00c7\u00c3O:<\/u><\/p>\n<p>Vamos ficar em casa, cuidando de nossa higiene pessoal e evitar o contato com pessoas infectadas pelo Corona v\u00edrus. Lave sempre as m\u00e3os com \u00e1gua e sab\u00e3o e use \u00e1lcool gel.<\/p>\n<p>SALVE MARIA!\u00a0\u00a0\u00a0\u00a0\u00a0\u00a0\u00a0\u00a0\u00a0\u00a0\u00a0\u00a0\u00a0\u00a0\u00a0\u00a0\u00a0\u00a0 Comunica\u00e7\u00e3o: Agostinho Gon\u00e7alves<\/p>\n","protected":false},"excerpt":{"rendered":"<p>Mensagem sobre a F\u00c9 A f\u00e9 n\u00e3o se explica, vive-se. Crer em Deus significa tamb\u00e9m crer no mundo criado, crer na vida, na beleza e na felicidade. Uma vez firmados na f\u00e9, nada mais nos pode enganar. A f\u00e9 n\u00e3o est\u00e1 no corpo que se inclina, mas na alma que cr\u00ea. E \u00e9 da f\u00e9 [&hellip;]<\/p>\n","protected":false},"author":18,"featured_media":0,"comment_status":"closed","ping_status":"closed","sticky":false,"template":"","format":"standard","meta":{"footnotes":""},"categories":[10],"tags":[],"class_list":["post-13726","post","type-post","status-publish","format-standard","hentry","category-congregacao-mariana"],"_links":{"self":[{"href":"https:\/\/www.paroquiasaocristovao.net\/index.php?rest_route=\/wp\/v2\/posts\/13726","targetHints":{"allow":["GET"]}}],"collection":[{"href":"https:\/\/www.paroquiasaocristovao.net\/index.php?rest_route=\/wp\/v2\/posts"}],"about":[{"href":"https:\/\/www.paroquiasaocristovao.net\/index.php?rest_route=\/wp\/v2\/types\/post"}],"author":[{"embeddable":true,"href":"https:\/\/www.paroquiasaocristovao.net\/index.php?rest_route=\/wp\/v2\/users\/18"}],"replies":[{"embeddable":true,"href":"https:\/\/www.paroquiasaocristovao.net\/index.php?rest_route=%2Fwp%2Fv2%2Fcomments&post=13726"}],"version-history":[{"count":1,"href":"https:\/\/www.paroquiasaocristovao.net\/index.php?rest_route=\/wp\/v2\/posts\/13726\/revisions"}],"predecessor-version":[{"id":13727,"href":"https:\/\/www.paroquiasaocristovao.net\/index.php?rest_route=\/wp\/v2\/posts\/13726\/revisions\/13727"}],"wp:attachment":[{"href":"https:\/\/www.paroquiasaocristovao.net\/index.php?rest_route=%2Fwp%2Fv2%2Fmedia&parent=13726"}],"wp:term":[{"taxonomy":"category","embeddable":true,"href":"https:\/\/www.paroquiasaocristovao.net\/index.php?rest_route=%2Fwp%2Fv2%2Fcategories&post=13726"},{"taxonomy":"post_tag","embeddable":true,"href":"https:\/\/www.paroquiasaocristovao.net\/index.php?rest_route=%2Fwp%2Fv2%2Ftags&post=13726"}],"curies":[{"name":"wp","href":"https:\/\/api.w.org\/{rel}","templated":true}]}}