{"id":13403,"date":"2019-09-17T23:01:56","date_gmt":"2019-09-18T02:01:56","guid":{"rendered":"http:\/\/www.paroquiasaocristovao.net\/?p=13403"},"modified":"2019-09-18T21:34:49","modified_gmt":"2019-09-19T00:34:49","slug":"24o-domingo-do-tempo-comum-10h-15-09-2019","status":"publish","type":"post","link":"https:\/\/www.paroquiasaocristovao.net\/?p=13403","title":{"rendered":"24\u00ba Domingo do Tempo Comum 10h \u2013 15.09.2019"},"content":{"rendered":"<p><a href=\"https:\/\/photos.app.goo.gl\/52imKsfv92i3YmSm9\" target=\"_blank\" rel=\"noopener\"><img loading=\"lazy\" decoding=\"async\" class=\"alignright wp-image-13404 size-medium\" src=\"http:\/\/www.paroquiasaocristovao.net\/wp-content\/uploads\/2019\/09\/IMG-20190915-WA0038-300x294.jpg\" alt=\"\" width=\"300\" height=\"294\" \/><\/a>Com alegria nos reunimos para celebrar nosso encontro festivo com o Pai bondoso e misericordioso. Apesar de nossas infidelidades, ele n\u00e3o nos rejeita, mas vem ao nosso encontro quando dele nos afastamos. Alcan\u00e7ados e resgatados por seu Filho, abramos o cora\u00e7\u00e3o para a gra\u00e7a transbordante que chega a n\u00f3s pela Eucaristia. Nessa celebra\u00e7\u00e3o, tivemos a participa\u00e7\u00e3o dos nossos pequenos da I.A.M. na prociss\u00e3o de entrada da palavra e participa\u00e7\u00e3o da liturgia (leituras e coment\u00e1rio). Fotos <a href=\"https:\/\/photos.app.goo.gl\/52imKsfv92i3YmSm9\" target=\"_blank\" rel=\"noopener\">aqui<\/a>.<\/p>\n","protected":false},"excerpt":{"rendered":"<p>Com alegria nos reunimos para celebrar nosso encontro festivo com o Pai bondoso e misericordioso. Apesar de nossas infidelidades, ele n\u00e3o nos rejeita, mas vem ao nosso encontro quando dele nos afastamos. Alcan\u00e7ados e resgatados por seu Filho, abramos o cora\u00e7\u00e3o para a gra\u00e7a transbordante que chega a n\u00f3s pela Eucaristia. Nessa celebra\u00e7\u00e3o, tivemos a [&hellip;]<\/p>\n","protected":false},"author":2,"featured_media":0,"comment_status":"closed","ping_status":"closed","sticky":false,"template":"","format":"standard","meta":{"footnotes":""},"categories":[41,92,105,40],"tags":[],"class_list":["post-13403","post","type-post","status-publish","format-standard","hentry","category-artigos","category-fotos","category-infancia-missionaria","category-noticias"],"_links":{"self":[{"href":"https:\/\/www.paroquiasaocristovao.net\/index.php?rest_route=\/wp\/v2\/posts\/13403","targetHints":{"allow":["GET"]}}],"collection":[{"href":"https:\/\/www.paroquiasaocristovao.net\/index.php?rest_route=\/wp\/v2\/posts"}],"about":[{"href":"https:\/\/www.paroquiasaocristovao.net\/index.php?rest_route=\/wp\/v2\/types\/post"}],"author":[{"embeddable":true,"href":"https:\/\/www.paroquiasaocristovao.net\/index.php?rest_route=\/wp\/v2\/users\/2"}],"replies":[{"embeddable":true,"href":"https:\/\/www.paroquiasaocristovao.net\/index.php?rest_route=%2Fwp%2Fv2%2Fcomments&post=13403"}],"version-history":[{"count":2,"href":"https:\/\/www.paroquiasaocristovao.net\/index.php?rest_route=\/wp\/v2\/posts\/13403\/revisions"}],"predecessor-version":[{"id":13406,"href":"https:\/\/www.paroquiasaocristovao.net\/index.php?rest_route=\/wp\/v2\/posts\/13403\/revisions\/13406"}],"wp:attachment":[{"href":"https:\/\/www.paroquiasaocristovao.net\/index.php?rest_route=%2Fwp%2Fv2%2Fmedia&parent=13403"}],"wp:term":[{"taxonomy":"category","embeddable":true,"href":"https:\/\/www.paroquiasaocristovao.net\/index.php?rest_route=%2Fwp%2Fv2%2Fcategories&post=13403"},{"taxonomy":"post_tag","embeddable":true,"href":"https:\/\/www.paroquiasaocristovao.net\/index.php?rest_route=%2Fwp%2Fv2%2Ftags&post=13403"}],"curies":[{"name":"wp","href":"https:\/\/api.w.org\/{rel}","templated":true}]}}