{"id":12033,"date":"2017-08-28T13:54:59","date_gmt":"2017-08-28T16:54:59","guid":{"rendered":"http:\/\/www.paroquiasaocristovao.net\/?p=12033"},"modified":"2017-08-28T14:00:49","modified_gmt":"2017-08-28T17:00:49","slug":"12033","status":"publish","type":"post","link":"https:\/\/www.paroquiasaocristovao.net\/?p=12033","title":{"rendered":"Investidura de novos Ministros Extraordin\u00e1rios da Sagrada Comunh\u00e3o."},"content":{"rendered":"<h4><img loading=\"lazy\" decoding=\"async\" class=\"wp-image-12035 size-medium alignleft\" src=\"http:\/\/www.paroquiasaocristovao.net\/wp-content\/uploads\/2017\/08\/Novos-ministros7-300x169.jpeg\" alt=\"\" width=\"300\" height=\"169\" srcset=\"https:\/\/www.paroquiasaocristovao.net\/wp-content\/uploads\/2017\/08\/Novos-ministros7-300x169.jpeg 300w, https:\/\/www.paroquiasaocristovao.net\/wp-content\/uploads\/2017\/08\/Novos-ministros7-768x432.jpeg 768w, https:\/\/www.paroquiasaocristovao.net\/wp-content\/uploads\/2017\/08\/Novos-ministros7-1024x576.jpeg 1024w, https:\/\/www.paroquiasaocristovao.net\/wp-content\/uploads\/2017\/08\/Novos-ministros7-600x338.jpeg 600w, https:\/\/www.paroquiasaocristovao.net\/wp-content\/uploads\/2017\/08\/Novos-ministros7-619x348.jpeg 619w, https:\/\/www.paroquiasaocristovao.net\/wp-content\/uploads\/2017\/08\/Novos-ministros7.jpeg 1280w\" sizes=\"auto, (max-width: 300px) 100vw, 300px\" \/>\u00a0No dia 24\/08 as 20:00 na par\u00f3quia nossa senhora Concei\u00e7\u00e3o aconteceu a investidura dos novos ministros da a par\u00f3quia S\u00e3o Crist\u00f3v\u00e3o .<br \/>\nAbaixo o nome dos novos ministros:<\/h4>\n<h4>Ant\u00f4nia Da Silva Santar\u00e9m, Thomerson Gon\u00e7alves Santar\u00e9m e Guilherme Wilson Vieira Dos Santos .<\/h4>\n<p><img loading=\"lazy\" decoding=\"async\" class=\"aligncenter wp-image-12034 size-large\" src=\"http:\/\/www.paroquiasaocristovao.net\/wp-content\/uploads\/2017\/08\/Novos-ministros6-1024x576.jpeg\" alt=\"\" width=\"660\" height=\"371\" srcset=\"https:\/\/www.paroquiasaocristovao.net\/wp-content\/uploads\/2017\/08\/Novos-ministros6-1024x576.jpeg 1024w, https:\/\/www.paroquiasaocristovao.net\/wp-content\/uploads\/2017\/08\/Novos-ministros6-300x169.jpeg 300w, https:\/\/www.paroquiasaocristovao.net\/wp-content\/uploads\/2017\/08\/Novos-ministros6-768x432.jpeg 768w, https:\/\/www.paroquiasaocristovao.net\/wp-content\/uploads\/2017\/08\/Novos-ministros6-600x338.jpeg 600w, https:\/\/www.paroquiasaocristovao.net\/wp-content\/uploads\/2017\/08\/Novos-ministros6-619x348.jpeg 619w, https:\/\/www.paroquiasaocristovao.net\/wp-content\/uploads\/2017\/08\/Novos-ministros6.jpeg 1280w\" sizes=\"auto, (max-width: 660px) 100vw, 660px\" \/><\/p>\n","protected":false},"excerpt":{"rendered":"<p>\u00a0No dia 24\/08 as 20:00 na par\u00f3quia nossa senhora Concei\u00e7\u00e3o aconteceu a investidura dos novos ministros da a par\u00f3quia S\u00e3o Crist\u00f3v\u00e3o . Abaixo o nome dos novos ministros: Ant\u00f4nia Da Silva Santar\u00e9m, Thomerson Gon\u00e7alves Santar\u00e9m e Guilherme Wilson Vieira Dos Santos .<\/p>\n","protected":false},"author":18,"featured_media":0,"comment_status":"closed","ping_status":"closed","sticky":false,"template":"","format":"standard","meta":{"footnotes":""},"categories":[92,21],"tags":[],"class_list":["post-12033","post","type-post","status-publish","format-standard","hentry","category-fotos","category-ministros"],"_links":{"self":[{"href":"https:\/\/www.paroquiasaocristovao.net\/index.php?rest_route=\/wp\/v2\/posts\/12033","targetHints":{"allow":["GET"]}}],"collection":[{"href":"https:\/\/www.paroquiasaocristovao.net\/index.php?rest_route=\/wp\/v2\/posts"}],"about":[{"href":"https:\/\/www.paroquiasaocristovao.net\/index.php?rest_route=\/wp\/v2\/types\/post"}],"author":[{"embeddable":true,"href":"https:\/\/www.paroquiasaocristovao.net\/index.php?rest_route=\/wp\/v2\/users\/18"}],"replies":[{"embeddable":true,"href":"https:\/\/www.paroquiasaocristovao.net\/index.php?rest_route=%2Fwp%2Fv2%2Fcomments&post=12033"}],"version-history":[{"count":6,"href":"https:\/\/www.paroquiasaocristovao.net\/index.php?rest_route=\/wp\/v2\/posts\/12033\/revisions"}],"predecessor-version":[{"id":12041,"href":"https:\/\/www.paroquiasaocristovao.net\/index.php?rest_route=\/wp\/v2\/posts\/12033\/revisions\/12041"}],"wp:attachment":[{"href":"https:\/\/www.paroquiasaocristovao.net\/index.php?rest_route=%2Fwp%2Fv2%2Fmedia&parent=12033"}],"wp:term":[{"taxonomy":"category","embeddable":true,"href":"https:\/\/www.paroquiasaocristovao.net\/index.php?rest_route=%2Fwp%2Fv2%2Fcategories&post=12033"},{"taxonomy":"post_tag","embeddable":true,"href":"https:\/\/www.paroquiasaocristovao.net\/index.php?rest_route=%2Fwp%2Fv2%2Ftags&post=12033"}],"curies":[{"name":"wp","href":"https:\/\/api.w.org\/{rel}","templated":true}]}}