{"id":11265,"date":"2016-12-02T10:27:53","date_gmt":"2016-12-02T12:27:53","guid":{"rendered":"http:\/\/www.paroquiasaocristovao.net\/?p=11265"},"modified":"2016-12-02T10:27:53","modified_gmt":"2016-12-02T12:27:53","slug":"agenda-paroquial-dezembro2016","status":"publish","type":"post","link":"https:\/\/www.paroquiasaocristovao.net\/?p=11265","title":{"rendered":"Agenda Paroquial Dezembro\/2016"},"content":{"rendered":"<table>\n<tbody>\n<tr>\n<td width=\"526\">DEZEMBRO\/2016<\/td>\n<\/tr>\n<tr>\n<td width=\"526\">1 \u2013 Cantata de Natal do Col\u00e9gio Bom Jesus, \u00a0\u00e0s 19h45<\/td>\n<\/tr>\n<tr>\n<td width=\"526\">02 &#8211; Primeira sexta-feira do m\u00eas, Hora Santa \u00e0s 18h30 &#8211; devo\u00e7\u00e3o ao Sagrado Cora\u00e7\u00e3o de Jesus.<\/p>\n<p>\u00b7\u00a0\u00a0\u00a0\u00a0\u00a0\u00a0\u00a0 Bota fora TLC, 16h<\/td>\n<\/tr>\n<tr>\n<td width=\"526\">03 \u2013 9h \u2013 CELEBRA\u00c7\u00c3O CATEQU\u00c9TICA<\/td>\n<\/tr>\n<tr>\n<td width=\"526\">04- <strong>2\u00ba DOMINGO DO ADVENTO<\/strong><\/p>\n<ul>\n<li>Reuni\u00e3o do \u00a0Apostolado da Ora\u00e7\u00e3o<\/li>\n<li>Ordena\u00e7\u00e3o Presbiteral do Di\u00e1cono Josemar Schilmann \u2013 Timb\u00f3 &#8211; SC<\/li>\n<\/ul>\n<\/td>\n<\/tr>\n<tr>\n<td width=\"526\">05 \u2013 Reuni\u00e3o \u00a0da Pastoral do D\u00edzimo<\/td>\n<\/tr>\n<tr>\n<td width=\"526\">07<strong> \u2013 <\/strong>Grupo \u00a0de Ora\u00e7\u00e3o<\/td>\n<\/tr>\n<tr>\n<td width=\"526\">08 \u2013 Imaculada \u00a0Concei\u00e7\u00e3o. In\u00edcio da Obra Salesiana<\/p>\n<p>\u00b7\u00a0\u00a0\u00a0\u00a0\u00a0\u00a0\u00a0 Reuni\u00e3o dos Ministros(as)<\/td>\n<\/tr>\n<tr>\n<td width=\"526\">10 \u2013 Confraterniza\u00e7\u00e3o \u00a0Encerramento MI<\/p>\n<p>\u00b7\u00a0\u00a0\u00a0\u00a0\u00a0\u00a0\u00a0 Ordena\u00e7\u00e3o Presbiteral do Di\u00e1cono Jeferson Junio Moreira \u2013 Ponta Grossa &#8211; PR<\/td>\n<\/tr>\n<tr>\n<td width=\"526\">11 \u2013 <strong>3\u00ba DOMINGO DO ADVENTO<\/strong><\/p>\n<p>\u00b7\u00a0\u00a0\u00a0\u00a0\u00a0\u00a0\u00a0 Reuni\u00e3o da\u00a0 Congrega\u00e7\u00e3o Mariana<\/td>\n<\/tr>\n<tr>\n<td width=\"526\">12 \u2013 CEMEI \u00a0\u2013 ENCERRAMENTO \u2013 16h30<\/td>\n<\/tr>\n<tr>\n<td width=\"526\">15 \u2013 Missa de Formatura do Col\u00e9gio Bom Jesus, \u00e0s 19h45.<\/td>\n<\/tr>\n<tr>\n<td width=\"526\">17 \u2013 Ordena\u00e7\u00e3o Presbiteral do Di\u00e1cono Geovane\u00a0 de Souza \u2013 Ararangu\u00e1 &#8211; SC<\/td>\n<\/tr>\n<tr>\n<td width=\"526\">18 \u2013 <strong>4\u00ba DOMINGO DO ADVENTO<\/strong><\/p>\n<p>\u00b7\u00a0\u00a0\u00a0\u00a0\u00a0\u00a0 9 h\u00a0 &#8211; Reuni\u00e3o das Mensageiras das Capelinhas.<\/td>\n<\/tr>\n<tr>\n<td width=\"526\">24 \u2013 <strong>MISSA \u00c0S 20 HORAS<\/strong><\/td>\n<\/tr>\n<tr>\n<td width=\"526\"><strong>25 \u2013 NATAL \u00a0DO SENHOR, missa \u00e0s 10h e \u00e0s 19 h.<\/strong><\/td>\n<\/tr>\n<tr>\n<td width=\"526\">27 \u2013 S\u00e3o Jo\u00e3o Ap\u00f3stolo e Evangelista.<\/td>\n<\/tr>\n<tr>\n<td width=\"526\"><strong>28 \u2013 Santos Inocentes. <\/strong><\/td>\n<\/tr>\n<tr>\n<td width=\"526\">30 \u2013 <strong>SAGRADA \u00a0FAMILIA:<\/strong><\/td>\n<\/tr>\n<tr>\n<td width=\"526\"><strong>31 \u2013 MISSA \u00c0S 20 HORAS<\/strong><\/td>\n<\/tr>\n<\/tbody>\n<\/table>\n","protected":false},"excerpt":{"rendered":"<p>DEZEMBRO\/2016 1 \u2013 Cantata de Natal do Col\u00e9gio Bom Jesus, \u00a0\u00e0s 19h45 02 &#8211; Primeira sexta-feira do m\u00eas, Hora Santa \u00e0s 18h30 &#8211; devo\u00e7\u00e3o ao Sagrado Cora\u00e7\u00e3o de Jesus. \u00b7\u00a0\u00a0\u00a0\u00a0\u00a0\u00a0\u00a0 Bota fora TLC, 16h 03 \u2013 9h \u2013 CELEBRA\u00c7\u00c3O CATEQU\u00c9TICA 04- 2\u00ba DOMINGO DO ADVENTO Reuni\u00e3o do \u00a0Apostolado da Ora\u00e7\u00e3o Ordena\u00e7\u00e3o Presbiteral do Di\u00e1cono Josemar [&hellip;]<\/p>\n","protected":false},"author":18,"featured_media":0,"comment_status":"closed","ping_status":"closed","sticky":false,"template":"","format":"standard","meta":{"footnotes":""},"categories":[62],"tags":[],"class_list":["post-11265","post","type-post","status-publish","format-standard","hentry","category-agenda-paroquial"],"_links":{"self":[{"href":"https:\/\/www.paroquiasaocristovao.net\/index.php?rest_route=\/wp\/v2\/posts\/11265","targetHints":{"allow":["GET"]}}],"collection":[{"href":"https:\/\/www.paroquiasaocristovao.net\/index.php?rest_route=\/wp\/v2\/posts"}],"about":[{"href":"https:\/\/www.paroquiasaocristovao.net\/index.php?rest_route=\/wp\/v2\/types\/post"}],"author":[{"embeddable":true,"href":"https:\/\/www.paroquiasaocristovao.net\/index.php?rest_route=\/wp\/v2\/users\/18"}],"replies":[{"embeddable":true,"href":"https:\/\/www.paroquiasaocristovao.net\/index.php?rest_route=%2Fwp%2Fv2%2Fcomments&post=11265"}],"version-history":[{"count":1,"href":"https:\/\/www.paroquiasaocristovao.net\/index.php?rest_route=\/wp\/v2\/posts\/11265\/revisions"}],"predecessor-version":[{"id":11266,"href":"https:\/\/www.paroquiasaocristovao.net\/index.php?rest_route=\/wp\/v2\/posts\/11265\/revisions\/11266"}],"wp:attachment":[{"href":"https:\/\/www.paroquiasaocristovao.net\/index.php?rest_route=%2Fwp%2Fv2%2Fmedia&parent=11265"}],"wp:term":[{"taxonomy":"category","embeddable":true,"href":"https:\/\/www.paroquiasaocristovao.net\/index.php?rest_route=%2Fwp%2Fv2%2Fcategories&post=11265"},{"taxonomy":"post_tag","embeddable":true,"href":"https:\/\/www.paroquiasaocristovao.net\/index.php?rest_route=%2Fwp%2Fv2%2Ftags&post=11265"}],"curies":[{"name":"wp","href":"https:\/\/api.w.org\/{rel}","templated":true}]}}