{"id":11191,"date":"2016-11-13T20:25:30","date_gmt":"2016-11-13T22:25:30","guid":{"rendered":"http:\/\/www.paroquiasaocristovao.net\/?p=11191"},"modified":"2016-11-13T20:25:30","modified_gmt":"2016-11-13T22:25:30","slug":"avisos-14-a-2011","status":"publish","type":"post","link":"https:\/\/www.paroquiasaocristovao.net\/?p=11191","title":{"rendered":"Avisos &#8211; 14 a 20\/11"},"content":{"rendered":"<ol>\n<li>Dia 15 de novembro, feriado, a missa ser\u00e1 no hor\u00e1rio de costume, \u00e0s 19 horas.<img loading=\"lazy\" decoding=\"async\" class=\"size-thumbnail wp-image-5646 alignright\" src=\"http:\/\/www.paroquiasaocristovao.net\/wp-content\/uploads\/2014\/02\/avisos-150x150.jpg\" alt=\"avisos\" width=\"150\" height=\"150\" \/><\/li>\n<li>Na pr\u00f3xima 4\u00aa feira, dia 16 de novembro, encontro com os pais dos catequizandos, de todas as etapas.<\/li>\n<li>No pr\u00f3ximo s\u00e1bado, Assembleia Paroquial, \u00e0s 14 horas.<\/li>\n<li>As matr\u00edculas e rematr\u00edculas para a catequese 2017, ser\u00e3o realizadas de 21 a 25 de novembro, das 14 \u00e0s 17 h, e no dia 26 das 8h30 \u00e0s 11h30<\/li>\n<\/ol>\n","protected":false},"excerpt":{"rendered":"<p>Dia 15 de novembro, feriado, a missa ser\u00e1 no hor\u00e1rio de costume, \u00e0s 19 horas. Na pr\u00f3xima 4\u00aa feira, dia 16 de novembro, encontro com os pais dos catequizandos, de todas as etapas. No pr\u00f3ximo s\u00e1bado, Assembleia Paroquial, \u00e0s 14 horas. As matr\u00edculas e rematr\u00edculas para a catequese 2017, ser\u00e3o realizadas de 21 a 25 [&hellip;]<\/p>\n","protected":false},"author":18,"featured_media":0,"comment_status":"closed","ping_status":"closed","sticky":false,"template":"","format":"standard","meta":{"footnotes":""},"categories":[89],"tags":[],"class_list":["post-11191","post","type-post","status-publish","format-standard","hentry","category-avisos"],"_links":{"self":[{"href":"https:\/\/www.paroquiasaocristovao.net\/index.php?rest_route=\/wp\/v2\/posts\/11191","targetHints":{"allow":["GET"]}}],"collection":[{"href":"https:\/\/www.paroquiasaocristovao.net\/index.php?rest_route=\/wp\/v2\/posts"}],"about":[{"href":"https:\/\/www.paroquiasaocristovao.net\/index.php?rest_route=\/wp\/v2\/types\/post"}],"author":[{"embeddable":true,"href":"https:\/\/www.paroquiasaocristovao.net\/index.php?rest_route=\/wp\/v2\/users\/18"}],"replies":[{"embeddable":true,"href":"https:\/\/www.paroquiasaocristovao.net\/index.php?rest_route=%2Fwp%2Fv2%2Fcomments&post=11191"}],"version-history":[{"count":1,"href":"https:\/\/www.paroquiasaocristovao.net\/index.php?rest_route=\/wp\/v2\/posts\/11191\/revisions"}],"predecessor-version":[{"id":11192,"href":"https:\/\/www.paroquiasaocristovao.net\/index.php?rest_route=\/wp\/v2\/posts\/11191\/revisions\/11192"}],"wp:attachment":[{"href":"https:\/\/www.paroquiasaocristovao.net\/index.php?rest_route=%2Fwp%2Fv2%2Fmedia&parent=11191"}],"wp:term":[{"taxonomy":"category","embeddable":true,"href":"https:\/\/www.paroquiasaocristovao.net\/index.php?rest_route=%2Fwp%2Fv2%2Fcategories&post=11191"},{"taxonomy":"post_tag","embeddable":true,"href":"https:\/\/www.paroquiasaocristovao.net\/index.php?rest_route=%2Fwp%2Fv2%2Ftags&post=11191"}],"curies":[{"name":"wp","href":"https:\/\/api.w.org\/{rel}","templated":true}]}}