{"id":11143,"date":"2016-11-06T13:10:05","date_gmt":"2016-11-06T15:10:05","guid":{"rendered":"http:\/\/www.paroquiasaocristovao.net\/?p=11143"},"modified":"2016-11-06T13:36:26","modified_gmt":"2016-11-06T15:36:26","slug":"formacao-para-os-ministros","status":"publish","type":"post","link":"https:\/\/www.paroquiasaocristovao.net\/?p=11143","title":{"rendered":"Forma\u00e7\u00e3o para os Ministros"},"content":{"rendered":"<p style=\"text-align: justify;\">No dia 23 \/10 os ministros da nossa par\u00f3quia participaram de um dia de forma\u00e7\u00e3o na par\u00f3quia Sagrada Fam\u00edlia. A primeira parte da forma\u00e7\u00e3o foi com o padre Valter, com o tema \u201d Estrutura da Santa missa&#8221; e a segunda parte com o padre Jan Glica, com o tema \u201cAno da Miseric\u00f3rdia&#8221;.<\/p>\n<p><img loading=\"lazy\" decoding=\"async\" class=\"aligncenter wp-image-11144 size-full\" src=\"http:\/\/www.paroquiasaocristovao.net\/wp-content\/uploads\/2016\/11\/forma\u00e7\u00e3o-ministros.jpg\" alt=\"formacao-ministros\" width=\"892\" height=\"539\" srcset=\"https:\/\/www.paroquiasaocristovao.net\/wp-content\/uploads\/2016\/11\/forma\u00e7\u00e3o-ministros.jpg 892w, https:\/\/www.paroquiasaocristovao.net\/wp-content\/uploads\/2016\/11\/forma\u00e7\u00e3o-ministros-300x181.jpg 300w, https:\/\/www.paroquiasaocristovao.net\/wp-content\/uploads\/2016\/11\/forma\u00e7\u00e3o-ministros-768x464.jpg 768w, https:\/\/www.paroquiasaocristovao.net\/wp-content\/uploads\/2016\/11\/forma\u00e7\u00e3o-ministros-600x363.jpg 600w\" sizes=\"auto, (max-width: 892px) 100vw, 892px\" \/><\/p>\n<h5 style=\"text-align: right;\">Colabora\u00e7\u00e3o Edson de Britto<\/h5>\n","protected":false},"excerpt":{"rendered":"<p>No dia 23 \/10 os ministros da nossa par\u00f3quia participaram de um dia de forma\u00e7\u00e3o na par\u00f3quia Sagrada Fam\u00edlia. A primeira parte da forma\u00e7\u00e3o foi com o padre Valter, com o tema \u201d Estrutura da Santa missa&#8221; e a segunda parte com o padre Jan Glica, com o tema \u201cAno da Miseric\u00f3rdia&#8221;. Colabora\u00e7\u00e3o Edson de [&hellip;]<\/p>\n","protected":false},"author":18,"featured_media":0,"comment_status":"closed","ping_status":"closed","sticky":false,"template":"","format":"standard","meta":{"footnotes":""},"categories":[92,21,40],"tags":[],"class_list":["post-11143","post","type-post","status-publish","format-standard","hentry","category-fotos","category-ministros","category-noticias"],"_links":{"self":[{"href":"https:\/\/www.paroquiasaocristovao.net\/index.php?rest_route=\/wp\/v2\/posts\/11143","targetHints":{"allow":["GET"]}}],"collection":[{"href":"https:\/\/www.paroquiasaocristovao.net\/index.php?rest_route=\/wp\/v2\/posts"}],"about":[{"href":"https:\/\/www.paroquiasaocristovao.net\/index.php?rest_route=\/wp\/v2\/types\/post"}],"author":[{"embeddable":true,"href":"https:\/\/www.paroquiasaocristovao.net\/index.php?rest_route=\/wp\/v2\/users\/18"}],"replies":[{"embeddable":true,"href":"https:\/\/www.paroquiasaocristovao.net\/index.php?rest_route=%2Fwp%2Fv2%2Fcomments&post=11143"}],"version-history":[{"count":5,"href":"https:\/\/www.paroquiasaocristovao.net\/index.php?rest_route=\/wp\/v2\/posts\/11143\/revisions"}],"predecessor-version":[{"id":11159,"href":"https:\/\/www.paroquiasaocristovao.net\/index.php?rest_route=\/wp\/v2\/posts\/11143\/revisions\/11159"}],"wp:attachment":[{"href":"https:\/\/www.paroquiasaocristovao.net\/index.php?rest_route=%2Fwp%2Fv2%2Fmedia&parent=11143"}],"wp:term":[{"taxonomy":"category","embeddable":true,"href":"https:\/\/www.paroquiasaocristovao.net\/index.php?rest_route=%2Fwp%2Fv2%2Fcategories&post=11143"},{"taxonomy":"post_tag","embeddable":true,"href":"https:\/\/www.paroquiasaocristovao.net\/index.php?rest_route=%2Fwp%2Fv2%2Ftags&post=11143"}],"curies":[{"name":"wp","href":"https:\/\/api.w.org\/{rel}","templated":true}]}}