{"id":11014,"date":"2016-10-13T21:20:22","date_gmt":"2016-10-14T00:20:22","guid":{"rendered":"http:\/\/www.paroquiasaocristovao.net\/?p=11014"},"modified":"2016-10-25T11:03:57","modified_gmt":"2016-10-25T13:03:57","slug":"iam-show-missionario","status":"publish","type":"post","link":"https:\/\/www.paroquiasaocristovao.net\/?p=11014","title":{"rendered":"IAM \/ Show Mission\u00e1rio"},"content":{"rendered":"<p style=\"text-align: justify;\"><span style=\"color: #000000;\"><img loading=\"lazy\" decoding=\"async\" class=\"alignleft wp-image-11052 size-medium\" src=\"http:\/\/www.paroquiasaocristovao.net\/wp-content\/uploads\/2016\/10\/Logo-IAM-_-Para-Fundo-Claro-282x300.png\" alt=\"logo infancia logo\" width=\"282\" height=\"300\" srcset=\"https:\/\/www.paroquiasaocristovao.net\/wp-content\/uploads\/2016\/10\/Logo-IAM-_-Para-Fundo-Claro-282x300.png 282w, https:\/\/www.paroquiasaocristovao.net\/wp-content\/uploads\/2016\/10\/Logo-IAM-_-Para-Fundo-Claro-600x638.png 600w, https:\/\/www.paroquiasaocristovao.net\/wp-content\/uploads\/2016\/10\/Logo-IAM-_-Para-Fundo-Claro.png 707w\" sizes=\"auto, (max-width: 282px) 100vw, 282px\" \/>No \u00faltimo domingo dia 08 de outubro aconteceu na Par\u00f3quia Santa Margarida o Show Mission\u00e1rio (Encontro Arquidiocesano da Inf\u00e2ncia e Adolesc\u00eancia Mission\u00e1ria).\u00a0<\/span><span style=\"color: #000000;\">Um momento importante de encontro, anima\u00e7\u00e3o e aprofundamento da cultura europeia \u2013 continente este que est\u00e1 sendo aprofundado neste ano \u2013 das quais tivemos apresenta\u00e7\u00f5es culturais da Pol\u00f4nia, Ucr\u00e2nia, Portugal e It\u00e1lia ainda um momento de anima\u00e7\u00e3o com os adolescentes e Boneca Viva com as crian\u00e7as. Tivemos a participa\u00e7\u00e3o da maioria dos grupos da IAM da Arquidiocese de Curitiba, com a participa\u00e7\u00e3o dos assessores, pais, alguns Padres e do Bispo Dom Jos\u00e9 Mario Angonese. Ap\u00f3s o encerramento partilhamos um delicioso lanche.<\/span><\/p>\n<p style=\"text-align: justify;\">[pe2-gallery album=&#8221;http:\/\/picasaweb.google.com\/data\/feed\/base\/user\/102496923968554265712\/albumid\/6341107318971104193?alt=rss&amp;hl=en_US&amp;kind=photo&#8221; ]<\/p>\n","protected":false},"excerpt":{"rendered":"<p>No \u00faltimo domingo dia 08 de outubro aconteceu na Par\u00f3quia Santa Margarida o Show Mission\u00e1rio (Encontro Arquidiocesano da Inf\u00e2ncia e Adolesc\u00eancia Mission\u00e1ria).\u00a0Um momento importante de encontro, anima\u00e7\u00e3o e aprofundamento da cultura europeia \u2013 continente este que est\u00e1 sendo aprofundado neste ano \u2013 das quais tivemos apresenta\u00e7\u00f5es culturais da Pol\u00f4nia, Ucr\u00e2nia, Portugal e It\u00e1lia ainda um [&hellip;]<\/p>\n","protected":false},"author":18,"featured_media":0,"comment_status":"closed","ping_status":"closed","sticky":false,"template":"","format":"standard","meta":{"footnotes":""},"categories":[92,105,40],"tags":[],"class_list":["post-11014","post","type-post","status-publish","format-standard","hentry","category-fotos","category-infancia-missionaria","category-noticias"],"_links":{"self":[{"href":"https:\/\/www.paroquiasaocristovao.net\/index.php?rest_route=\/wp\/v2\/posts\/11014","targetHints":{"allow":["GET"]}}],"collection":[{"href":"https:\/\/www.paroquiasaocristovao.net\/index.php?rest_route=\/wp\/v2\/posts"}],"about":[{"href":"https:\/\/www.paroquiasaocristovao.net\/index.php?rest_route=\/wp\/v2\/types\/post"}],"author":[{"embeddable":true,"href":"https:\/\/www.paroquiasaocristovao.net\/index.php?rest_route=\/wp\/v2\/users\/18"}],"replies":[{"embeddable":true,"href":"https:\/\/www.paroquiasaocristovao.net\/index.php?rest_route=%2Fwp%2Fv2%2Fcomments&post=11014"}],"version-history":[{"count":2,"href":"https:\/\/www.paroquiasaocristovao.net\/index.php?rest_route=\/wp\/v2\/posts\/11014\/revisions"}],"predecessor-version":[{"id":11053,"href":"https:\/\/www.paroquiasaocristovao.net\/index.php?rest_route=\/wp\/v2\/posts\/11014\/revisions\/11053"}],"wp:attachment":[{"href":"https:\/\/www.paroquiasaocristovao.net\/index.php?rest_route=%2Fwp%2Fv2%2Fmedia&parent=11014"}],"wp:term":[{"taxonomy":"category","embeddable":true,"href":"https:\/\/www.paroquiasaocristovao.net\/index.php?rest_route=%2Fwp%2Fv2%2Fcategories&post=11014"},{"taxonomy":"post_tag","embeddable":true,"href":"https:\/\/www.paroquiasaocristovao.net\/index.php?rest_route=%2Fwp%2Fv2%2Ftags&post=11014"}],"curies":[{"name":"wp","href":"https:\/\/api.w.org\/{rel}","templated":true}]}}