{"id":10502,"date":"2016-05-01T21:07:58","date_gmt":"2016-05-02T00:07:58","guid":{"rendered":"http:\/\/www.paroquiasaocristovao.net\/?p=10502"},"modified":"2016-05-01T21:08:41","modified_gmt":"2016-05-02T00:08:41","slug":"celebracao-da-vida-na-pastoral-da-crianca","status":"publish","type":"post","link":"https:\/\/www.paroquiasaocristovao.net\/?p=10502","title":{"rendered":"Celebra\u00e7\u00e3o da Vida na Pastoral da Crian\u00e7a."},"content":{"rendered":"<p><a href=\"http:\/\/www.paroquiasaocristovao.net\/wp-content\/uploads\/2016\/05\/Clipboard01.jpg\"><img loading=\"lazy\" decoding=\"async\" class=\"aligncenter size-full wp-image-10503\" src=\"http:\/\/www.paroquiasaocristovao.net\/wp-content\/uploads\/2016\/05\/Clipboard01.jpg\" alt=\"Clipboard01\" width=\"567\" height=\"425\" srcset=\"https:\/\/www.paroquiasaocristovao.net\/wp-content\/uploads\/2016\/05\/Clipboard01.jpg 567w, https:\/\/www.paroquiasaocristovao.net\/wp-content\/uploads\/2016\/05\/Clipboard01-300x224.jpg 300w\" sizes=\"auto, (max-width: 567px) 100vw, 567px\" \/><\/a>No dia 14\/05\/2016 m\u00eas das m\u00e3es a Pastoral da crian\u00e7a estar\u00e1 realizando como de costume a Celebra\u00e7\u00e3o da Vida, nesse dia ser\u00e1 entregue para as m\u00e3es uma lembran\u00e7a feita com material recicl\u00e1vel pelas integrantes do grupo.<\/p>\n<p>Quem puder ajudar doando sabonetes para colocarmos nesses potes confeccionados ficaremos muito agradecidas. Podem ser entregues na secretaria da igreja at\u00e9 o dia 12\/05. E fica o convite para quem quiser ir participar e conhecer o trabalho da Pastoral da Crian\u00e7a de nossa comunidade. Ser\u00e3o todos bem vindos.<\/p>\n<p>Abaixo, foto dos porta-sabonetes confeccionados:<br \/>\n<img loading=\"lazy\" decoding=\"async\" class=\"alignleft wp-image-10505\" src=\"http:\/\/www.paroquiasaocristovao.net\/wp-content\/uploads\/2016\/05\/FOTO2.jpg\" alt=\"FOTO2\" width=\"251\" height=\"172\" srcset=\"https:\/\/www.paroquiasaocristovao.net\/wp-content\/uploads\/2016\/05\/FOTO2.jpg 848w, https:\/\/www.paroquiasaocristovao.net\/wp-content\/uploads\/2016\/05\/FOTO2-300x205.jpg 300w, https:\/\/www.paroquiasaocristovao.net\/wp-content\/uploads\/2016\/05\/FOTO2-600x411.jpg 600w\" sizes=\"auto, (max-width: 251px) 100vw, 251px\" \/><a href=\"http:\/\/www.paroquiasaocristovao.net\/wp-content\/uploads\/2016\/05\/FOTO1.jpg\"><img loading=\"lazy\" decoding=\"async\" class=\"alignleft wp-image-10504\" src=\"http:\/\/www.paroquiasaocristovao.net\/wp-content\/uploads\/2016\/05\/FOTO1.jpg\" alt=\"FOTO1\" width=\"196\" height=\"172\" srcset=\"https:\/\/www.paroquiasaocristovao.net\/wp-content\/uploads\/2016\/05\/FOTO1.jpg 821w, https:\/\/www.paroquiasaocristovao.net\/wp-content\/uploads\/2016\/05\/FOTO1-300x263.jpg 300w, https:\/\/www.paroquiasaocristovao.net\/wp-content\/uploads\/2016\/05\/FOTO1-600x527.jpg 600w\" sizes=\"auto, (max-width: 196px) 100vw, 196px\" \/><\/a><\/p>\n","protected":false},"excerpt":{"rendered":"<p>No dia 14\/05\/2016 m\u00eas das m\u00e3es a Pastoral da crian\u00e7a estar\u00e1 realizando como de costume a Celebra\u00e7\u00e3o da Vida, nesse dia ser\u00e1 entregue para as m\u00e3es uma lembran\u00e7a feita com material recicl\u00e1vel pelas integrantes do grupo. Quem puder ajudar doando sabonetes para colocarmos nesses potes confeccionados ficaremos muito agradecidas. Podem ser entregues na secretaria da [&hellip;]<\/p>\n","protected":false},"author":18,"featured_media":0,"comment_status":"closed","ping_status":"closed","sticky":false,"template":"","format":"standard","meta":{"footnotes":""},"categories":[1,40,32,24],"tags":[],"class_list":["post-10502","post","type-post","status-publish","format-standard","hentry","category-geral","category-noticias","category-obra-social","category-pastoral-da-crianca"],"_links":{"self":[{"href":"https:\/\/www.paroquiasaocristovao.net\/index.php?rest_route=\/wp\/v2\/posts\/10502","targetHints":{"allow":["GET"]}}],"collection":[{"href":"https:\/\/www.paroquiasaocristovao.net\/index.php?rest_route=\/wp\/v2\/posts"}],"about":[{"href":"https:\/\/www.paroquiasaocristovao.net\/index.php?rest_route=\/wp\/v2\/types\/post"}],"author":[{"embeddable":true,"href":"https:\/\/www.paroquiasaocristovao.net\/index.php?rest_route=\/wp\/v2\/users\/18"}],"replies":[{"embeddable":true,"href":"https:\/\/www.paroquiasaocristovao.net\/index.php?rest_route=%2Fwp%2Fv2%2Fcomments&post=10502"}],"version-history":[{"count":1,"href":"https:\/\/www.paroquiasaocristovao.net\/index.php?rest_route=\/wp\/v2\/posts\/10502\/revisions"}],"predecessor-version":[{"id":10506,"href":"https:\/\/www.paroquiasaocristovao.net\/index.php?rest_route=\/wp\/v2\/posts\/10502\/revisions\/10506"}],"wp:attachment":[{"href":"https:\/\/www.paroquiasaocristovao.net\/index.php?rest_route=%2Fwp%2Fv2%2Fmedia&parent=10502"}],"wp:term":[{"taxonomy":"category","embeddable":true,"href":"https:\/\/www.paroquiasaocristovao.net\/index.php?rest_route=%2Fwp%2Fv2%2Fcategories&post=10502"},{"taxonomy":"post_tag","embeddable":true,"href":"https:\/\/www.paroquiasaocristovao.net\/index.php?rest_route=%2Fwp%2Fv2%2Ftags&post=10502"}],"curies":[{"name":"wp","href":"https:\/\/api.w.org\/{rel}","templated":true}]}}