{"id":10188,"date":"2016-03-21T09:20:54","date_gmt":"2016-03-21T12:20:54","guid":{"rendered":"http:\/\/www.paroquiasaocristovao.net\/?p=10188"},"modified":"2016-03-21T09:37:48","modified_gmt":"2016-03-21T12:37:48","slug":"avisos-da-semana-21-a-2703","status":"publish","type":"post","link":"https:\/\/www.paroquiasaocristovao.net\/?p=10188","title":{"rendered":"Avisos da semana \u2013 21 a 27\/03 &#8211; Programa\u00e7\u00e3o da Semana Santa!"},"content":{"rendered":"<ol>\n<li style=\"text-align: left;\">Quarta-feira Santa, missa e un\u00e7\u00e3o dos enfermos e idosos, \u00e0s 16 horas.<img loading=\"lazy\" decoding=\"async\" class=\"alignright wp-image-10193\" src=\"http:\/\/www.paroquiasaocristovao.net\/wp-content\/uploads\/2013\/02\/semanasanta2016.jpg\" alt=\"semanasanta2016\" width=\"200\" height=\"140\" srcset=\"https:\/\/www.paroquiasaocristovao.net\/wp-content\/uploads\/2013\/02\/semanasanta2016.jpg 550w, https:\/\/www.paroquiasaocristovao.net\/wp-content\/uploads\/2013\/02\/semanasanta2016-300x209.jpg 300w\" sizes=\"auto, (max-width: 200px) 100vw, 200px\" \/><\/li>\n<li>A missa de quinta-feira Santa da Ceia do Senhor com o Lava-p\u00e9s ser\u00e1 \u00e0s 20 horas. Logo ap\u00f3s Adora\u00e7\u00e3o ao Sant\u00edssimo.<\/li>\n<li>Sexta-feira Santa:\n<ul>\n<li>\u00c0s 9 horas &#8211; confiss\u00e3o comunit\u00e1ria.<\/li>\n<li>\u00c0s 15 horas Liturgia da Morte do Senhor.<\/li>\n<li>\u00c0s 19 horas teremos a Via Sacra.<\/li>\n<\/ul>\n<\/li>\n<li>S\u00e1bado Santo:\n<ul>\n<li>\u00c0s 9 horas Celebra\u00e7\u00e3o Penitencial e confiss\u00f5es para adolescentes e jovens.<\/li>\n<li>\u00c0s 17 horas, b\u00ean\u00e7\u00e3o dos alimentos.<\/li>\n<li>\u00c0s 20 horas, Solene Vig\u00edlia Pascal.<\/li>\n<\/ul>\n<\/li>\n<\/ol>\n<p>Logo ap\u00f3s a celebra\u00e7\u00e3o teremos a tradicional confraterniza\u00e7\u00e3o. Pedimos a contribui\u00e7\u00e3o da comunidade na doa\u00e7\u00e3o de salgados e doces.<\/p>\n<ol start=\"6\">\n<li>A missa de P\u00e1scoa ser\u00e1 somente em dois hor\u00e1rios, \u00e0s 10 e \u00e0s 19 horas.<\/li>\n<li>Para o dia 17 de abril, convidamos toda a comunidade a participar do show de pr\u00eamios no sal\u00e3o paroquial, com in\u00edcio \u00e0s 14 horas. A programa\u00e7\u00e3o est\u00e1 afixada na porta da Igreja.<\/li>\n<\/ol>\n","protected":false},"excerpt":{"rendered":"<p>Quarta-feira Santa, missa e un\u00e7\u00e3o dos enfermos e idosos, \u00e0s 16 horas. A missa de quinta-feira Santa da Ceia do Senhor com o Lava-p\u00e9s ser\u00e1 \u00e0s 20 horas. Logo ap\u00f3s Adora\u00e7\u00e3o ao Sant\u00edssimo. Sexta-feira Santa: \u00c0s 9 horas &#8211; confiss\u00e3o comunit\u00e1ria. \u00c0s 15 horas Liturgia da Morte do Senhor. \u00c0s 19 horas teremos a Via [&hellip;]<\/p>\n","protected":false},"author":18,"featured_media":0,"comment_status":"closed","ping_status":"closed","sticky":false,"template":"","format":"standard","meta":{"footnotes":""},"categories":[89,173,163],"tags":[],"class_list":["post-10188","post","type-post","status-publish","format-standard","hentry","category-avisos","category-pascoa-2016","category-quaresma-2016"],"_links":{"self":[{"href":"https:\/\/www.paroquiasaocristovao.net\/index.php?rest_route=\/wp\/v2\/posts\/10188","targetHints":{"allow":["GET"]}}],"collection":[{"href":"https:\/\/www.paroquiasaocristovao.net\/index.php?rest_route=\/wp\/v2\/posts"}],"about":[{"href":"https:\/\/www.paroquiasaocristovao.net\/index.php?rest_route=\/wp\/v2\/types\/post"}],"author":[{"embeddable":true,"href":"https:\/\/www.paroquiasaocristovao.net\/index.php?rest_route=\/wp\/v2\/users\/18"}],"replies":[{"embeddable":true,"href":"https:\/\/www.paroquiasaocristovao.net\/index.php?rest_route=%2Fwp%2Fv2%2Fcomments&post=10188"}],"version-history":[{"count":4,"href":"https:\/\/www.paroquiasaocristovao.net\/index.php?rest_route=\/wp\/v2\/posts\/10188\/revisions"}],"predecessor-version":[{"id":10197,"href":"https:\/\/www.paroquiasaocristovao.net\/index.php?rest_route=\/wp\/v2\/posts\/10188\/revisions\/10197"}],"wp:attachment":[{"href":"https:\/\/www.paroquiasaocristovao.net\/index.php?rest_route=%2Fwp%2Fv2%2Fmedia&parent=10188"}],"wp:term":[{"taxonomy":"category","embeddable":true,"href":"https:\/\/www.paroquiasaocristovao.net\/index.php?rest_route=%2Fwp%2Fv2%2Fcategories&post=10188"},{"taxonomy":"post_tag","embeddable":true,"href":"https:\/\/www.paroquiasaocristovao.net\/index.php?rest_route=%2Fwp%2Fv2%2Ftags&post=10188"}],"curies":[{"name":"wp","href":"https:\/\/api.w.org\/{rel}","templated":true}]}}